{"id":10254,"date":"2024-04-23T10:19:24","date_gmt":"2024-04-23T10:19:24","guid":{"rendered":"https:\/\/www.pause-au-naturelle.com\/?p=10254"},"modified":"2025-09-27T09:52:11","modified_gmt":"2025-09-27T09:52:11","slug":"protegerse-del-sol-de-forma-natural","status":"publish","type":"post","link":"https:\/\/www.pause-au-naturelle.com\/es\/2024\/04\/23\/se-proteger-du-soleil-naturellement\/","title":{"rendered":"Prot\u00e9jase del sol de forma natural en la playa con estos consejos"},"content":{"rendered":"<p>Pasar un d\u00eda soleado en la playa es un momento de relajaci\u00f3n y diversi\u00f3n. Sin embargo, el sol tambi\u00e9n puede ser perjudicial para la piel y los ojos si no se toman ciertas precauciones esenciales para protegerse. A continuaci\u00f3n, te presentamos algunas formas naturales de disfrutar de los beneficios del sol sin temer sus efectos nocivos.<\/p>\n\n\n\n<h2 class=\"wp-block-heading\"><strong>La crema solar natural: cuidar la piel sin productos qu\u00edmicos<\/strong><\/h2>\n\n\n\n<p>Es imprescindible utilizar protecci\u00f3n solar para evitar quemaduras y los riesgos asociados al envejecimiento prematuro de la piel. Elegir una crema solar natural a base de minerales como el \u00f3xido de zinc o el di\u00f3xido de titanio es una forma excelente de proteger la piel y respetar el medio ambiente marino.&nbsp;<strong>Adem\u00e1s de reducir las emisiones de productos qu\u00edmicos en los oc\u00e9anos, minimizan el impacto sobre la fauna y la flora submarinas.<\/strong><\/p>\n\n\n\n<h3 class=\"wp-block-heading\"><strong>Los mejores ingredientes para fabricar tu propia crema solar<\/strong><\/h3>\n\n\n\n<p>Para elaborar tu propia crema solar, puedes combinar diferentes ingredientes naturales con propiedades protectoras frente a los rayos UV. Estos son algunos de ellos:<\/p>\n\n\n\n<ul class=\"wp-block-list\">\n<li>El aceite de coco, rico en \u00e1cidos grasos beneficiosos para la barrera cut\u00e1nea y con un \u00edndice de protecci\u00f3n solar (IPS) de aproximadamente 4.<\/li>\n\n\n\n<li><strong><a href=\"https:\/\/www.pause-au-naturelle.com\/es\/producto\/manteca-de-karite-ecologica\/\">La manteca de karit\u00e9<\/a><\/strong>, nutritivo e hidratante para la piel, con un IPS de aproximadamente 4.<\/li>\n\n\n\n<li>El aceite de jojoba, con propiedades antiinflamatorias y antibacterianas, que proporciona cierta resistencia al agua.<\/li>\n\n\n\n<li>El \u00f3xido de zinc no nano o el di\u00f3xido de titanio, que ofrecen protecci\u00f3n contra los rayos UVA y UVB.<\/li>\n<\/ul>\n\n\n\n<h2 class=\"wp-block-heading\">Ropa y accesorios adecuados para protegerse del sol<\/h2>\n\n\n\n<p>Llevar ropa ligera, transpirable y confeccionada con fibras naturales como el algod\u00f3n o el lino es una soluci\u00f3n eficaz para protegerse de los rayos nocivos del sol. Estos materiales minimizan la exposici\u00f3n directa de la piel a los rayos ultravioleta, al tiempo que evacuan la humedad corporal para un confort \u00f3ptimo.<\/p>\n\n\n\n<h3 class=\"wp-block-heading\"><strong>El caso particular del burkini<\/strong><\/h3>\n\n\n\n<p>Para aquellas personas que deseen disfrutar de las actividades acu\u00e1ticas sin dejar de estar cubiertas, el burkini <strong><a href=\"https:\/\/www.my-burkini.com\/\" target=\"_blank\" rel=\"noreferrer noopener\">constituye una alternativa interesante<\/a><\/strong>. Dise\u00f1ado para satisfacer tanto las exigencias religiosas como las relacionadas con la protecci\u00f3n de la piel, este ba\u00f1ador integral permite realizar todo tipo de actividades acu\u00e1ticas sin los inconvenientes del calor o la exposici\u00f3n prolongada al sol.<\/p>\n\n\n\n<h2 class=\"wp-block-heading\"><strong>Protegerse del sol de forma natural: adaptar la exposici\u00f3n al sol en funci\u00f3n de la hora del d\u00eda.<\/strong><\/h2>\n\n\n\n<p>Tambi\u00e9n es importante tener en cuenta la intensidad de los rayos ultravioleta, que var\u00eda seg\u00fan la hora del d\u00eda. De hecho, entre las 10:00 y las 16:00, los rayos UV suelen ser m\u00e1s fuertes y pueden da\u00f1ar la piel en poco tiempo.&nbsp;<strong>Para minimizar los riesgos relacionados con la exposici\u00f3n solar, se recomienda hacer pausas a la sombra o evitar las playas durante las horas de mayor intensidad.<\/strong><\/p>\n\n\n\n<h3 class=\"wp-block-heading\"><strong>El uso de una sombrilla para protegerse de las quemaduras solares.<\/strong><\/h3>\n\n\n\n<p>El uso de una sombrilla sigue siendo imprescindible para protegerse del sol en los d\u00edas calurosos. Sin embargo, es importante elegir un modelo con una lona lo suficientemente gruesa y con protecci\u00f3n UV para garantizar una eficacia real contra los efectos nocivos del sol. No dude en completar esta protecci\u00f3n con el uso de gafas de sol y un sombrero de ala ancha para evitar cualquier molestia relacionada con el sol.<\/p>\n\n\n\n<h2 class=\"wp-block-heading\"><strong>Consumir alimentos ricos en antioxidantes para reforzar la protecci\u00f3n natural contra los rayos UV.<\/strong><\/h2>\n\n\n\n<p>Por \u00faltimo, adoptar una dieta rica en antioxidantes ayuda a reforzar las defensas naturales del organismo frente a los rayos nocivos del sol. Las frutas y verduras que contienen vitaminas A, C y E, as\u00ed como minerales como el selenio o el zinc, ofrecen una protecci\u00f3n interna contra los radicales libres generados por la exposici\u00f3n a los rayos ultravioleta. Algunos ejemplos de alimentos que conviene priorizar son:<\/p>\n\n\n\n<ul class=\"wp-block-list\">\n<li>El pimiento rojo o amarillo, fuente de vitamina C<\/li>\n\n\n\n<li>La zanahoria, rica en betacaroteno, que se transforma en vitamina A en el organismo.<\/li>\n\n\n\n<li>Las almendras, que aportan vitamina E y \u00e1cidos grasos esenciales para la piel.<\/li>\n\n\n\n<li>Las frutas rojas, como las fresas, los ar\u00e1ndanos o las frambuesas, ricas en antioxidantes naturales.<\/li>\n<\/ul>\n\n\n\n<p>Adoptando estos diferentes medios naturales para protegerse del sol en la playa, todos pueden disfrutar de los beneficios del verano mientras preservan su salud y la del medio ambiente.<\/p>","protected":false},"excerpt":{"rendered":"<p>Passer une journ\u00e9e ensoleill\u00e9e \u00e0 la plage est un moment de d\u00e9tente et de plaisir. Toutefois, le soleil peut \u00e9galement \u00eatre nocif pour la peau et les yeux si l&rsquo;on ne prend pas certaines pr\u00e9cautions indispensables pour se prot\u00e9ger. Voici quelques moyens naturels pour profiter des bienfaits du soleil sans craindre ses m\u00e9faits. La cr\u00e8me [&#8230;]\n","protected":false},"author":1,"featured_media":10255,"comment_status":"closed","ping_status":"closed","sticky":false,"template":"","format":"standard","meta":{"footnotes":""},"categories":[93],"tags":[],"class_list":["post-10254","post","type-post","status-publish","format-standard","has-post-thumbnail","hentry","category-ambiance-naturelle"],"yoast_head":"<!-- This site is optimized with the Yoast SEO plugin v27.3 - https:\/\/yoast.com\/product\/yoast-seo-wordpress\/ -->\n<title>Se prot\u00e9ger du soleil naturellement | Nos recommandations<\/title>\n<meta name=\"description\" content=\"Passer une journ\u00e9e ensoleill\u00e9e \u00e0 la plage est un moment de d\u00e9tente et de plaisir. Ici, d\u00e9couvrez comment se prot\u00e9ger du soleil naturellement.\" \/>\n<meta name=\"robots\" content=\"index, follow, max-snippet:-1, max-image-preview:large, max-video-preview:-1\" \/>\n<link rel=\"canonical\" href=\"https:\/\/www.pause-au-naturelle.com\/es\/2024\/04\/23\/protegerse-del-sol-de-forma-natural\/\" \/>\n<meta property=\"og:locale\" content=\"es_ES\" \/>\n<meta property=\"og:type\" content=\"article\" \/>\n<meta property=\"og:title\" content=\"Se prot\u00e9ger du soleil naturellement | Nos recommandations\" \/>\n<meta property=\"og:description\" content=\"Passer une journ\u00e9e ensoleill\u00e9e \u00e0 la plage est un moment de d\u00e9tente et de plaisir. Ici, d\u00e9couvrez comment se prot\u00e9ger du soleil naturellement.\" \/>\n<meta property=\"og:url\" content=\"https:\/\/www.pause-au-naturelle.com\/es\/2024\/04\/23\/protegerse-del-sol-de-forma-natural\/\" \/>\n<meta property=\"og:site_name\" content=\"Pause au Naturelle\" \/>\n<meta property=\"article:published_time\" content=\"2024-04-23T10:19:24+00:00\" \/>\n<meta property=\"article:modified_time\" content=\"2025-09-27T09:52:11+00:00\" \/>\n<meta property=\"og:image\" content=\"https:\/\/www.pause-au-naturelle.com\/wp-content\/uploads\/2024\/04\/se-proteger-du-soleil.jpg\" \/>\n\t<meta property=\"og:image:width\" content=\"1100\" \/>\n\t<meta property=\"og:image:height\" content=\"578\" \/>\n\t<meta property=\"og:image:type\" content=\"image\/jpeg\" \/>\n<meta name=\"author\" content=\"Pause au naturelle\" \/>\n<meta name=\"twitter:card\" content=\"summary_large_image\" \/>\n<meta name=\"twitter:label1\" content=\"Escrito por\" \/>\n\t<meta name=\"twitter:data1\" content=\"Pause au naturelle\" \/>\n\t<meta name=\"twitter:label2\" content=\"Tiempo de lectura\" \/>\n\t<meta name=\"twitter:data2\" content=\"4 minutos\" \/>\n<script type=\"application\/ld+json\" class=\"yoast-schema-graph\">{\"@context\":\"https:\\\/\\\/schema.org\",\"@graph\":[{\"@type\":\"Article\",\"@id\":\"https:\\\/\\\/www.pause-au-naturelle.com\\\/2024\\\/04\\\/23\\\/se-proteger-du-soleil-naturellement\\\/#article\",\"isPartOf\":{\"@id\":\"https:\\\/\\\/www.pause-au-naturelle.com\\\/2024\\\/04\\\/23\\\/se-proteger-du-soleil-naturellement\\\/\"},\"author\":{\"name\":\"Pause au naturelle\",\"@id\":\"https:\\\/\\\/www.pause-au-naturelle.com\\\/#\\\/schema\\\/person\\\/8a6e5bbc38c727382c318184436321a0\"},\"headline\":\"Prot\u00e9gez-vous naturellement du soleil \u00e0 la plage avec ces astuces\",\"datePublished\":\"2024-04-23T10:19:24+00:00\",\"dateModified\":\"2025-09-27T09:52:11+00:00\",\"mainEntityOfPage\":{\"@id\":\"https:\\\/\\\/www.pause-au-naturelle.com\\\/2024\\\/04\\\/23\\\/se-proteger-du-soleil-naturellement\\\/\"},\"wordCount\":810,\"publisher\":{\"@id\":\"https:\\\/\\\/www.pause-au-naturelle.com\\\/#organization\"},\"image\":{\"@id\":\"https:\\\/\\\/www.pause-au-naturelle.com\\\/2024\\\/04\\\/23\\\/se-proteger-du-soleil-naturellement\\\/#primaryimage\"},\"thumbnailUrl\":\"https:\\\/\\\/www.pause-au-naturelle.com\\\/wp-content\\\/uploads\\\/2024\\\/04\\\/se-proteger-du-soleil.jpg\",\"articleSection\":[\"Ambiance naturelle\"],\"inLanguage\":\"es\"},{\"@type\":\"WebPage\",\"@id\":\"https:\\\/\\\/www.pause-au-naturelle.com\\\/2024\\\/04\\\/23\\\/se-proteger-du-soleil-naturellement\\\/\",\"url\":\"https:\\\/\\\/www.pause-au-naturelle.com\\\/2024\\\/04\\\/23\\\/se-proteger-du-soleil-naturellement\\\/\",\"name\":\"Se prot\u00e9ger du soleil naturellement | Nos recommandations\",\"isPartOf\":{\"@id\":\"https:\\\/\\\/www.pause-au-naturelle.com\\\/#website\"},\"primaryImageOfPage\":{\"@id\":\"https:\\\/\\\/www.pause-au-naturelle.com\\\/2024\\\/04\\\/23\\\/se-proteger-du-soleil-naturellement\\\/#primaryimage\"},\"image\":{\"@id\":\"https:\\\/\\\/www.pause-au-naturelle.com\\\/2024\\\/04\\\/23\\\/se-proteger-du-soleil-naturellement\\\/#primaryimage\"},\"thumbnailUrl\":\"https:\\\/\\\/www.pause-au-naturelle.com\\\/wp-content\\\/uploads\\\/2024\\\/04\\\/se-proteger-du-soleil.jpg\",\"datePublished\":\"2024-04-23T10:19:24+00:00\",\"dateModified\":\"2025-09-27T09:52:11+00:00\",\"description\":\"Passer une journ\u00e9e ensoleill\u00e9e \u00e0 la plage est un moment de d\u00e9tente et de plaisir. Ici, d\u00e9couvrez comment se prot\u00e9ger du soleil naturellement.\",\"inLanguage\":\"es\",\"potentialAction\":[{\"@type\":\"ReadAction\",\"target\":[\"https:\\\/\\\/www.pause-au-naturelle.com\\\/2024\\\/04\\\/23\\\/se-proteger-du-soleil-naturellement\\\/\"]}]},{\"@type\":\"ImageObject\",\"inLanguage\":\"es\",\"@id\":\"https:\\\/\\\/www.pause-au-naturelle.com\\\/2024\\\/04\\\/23\\\/se-proteger-du-soleil-naturellement\\\/#primaryimage\",\"url\":\"https:\\\/\\\/www.pause-au-naturelle.com\\\/wp-content\\\/uploads\\\/2024\\\/04\\\/se-proteger-du-soleil.jpg\",\"contentUrl\":\"https:\\\/\\\/www.pause-au-naturelle.com\\\/wp-content\\\/uploads\\\/2024\\\/04\\\/se-proteger-du-soleil.jpg\",\"width\":1100,\"height\":578,\"caption\":\"se prot\u00e9ger du soleil naturellement\"},{\"@type\":\"WebSite\",\"@id\":\"https:\\\/\\\/www.pause-au-naturelle.com\\\/#website\",\"url\":\"https:\\\/\\\/www.pause-au-naturelle.com\\\/\",\"name\":\"Pause au Naturelle\",\"description\":\"\",\"publisher\":{\"@id\":\"https:\\\/\\\/www.pause-au-naturelle.com\\\/#organization\"},\"potentialAction\":[{\"@type\":\"SearchAction\",\"target\":{\"@type\":\"EntryPoint\",\"urlTemplate\":\"https:\\\/\\\/www.pause-au-naturelle.com\\\/?s={search_term_string}\"},\"query-input\":{\"@type\":\"PropertyValueSpecification\",\"valueRequired\":true,\"valueName\":\"search_term_string\"}}],\"inLanguage\":\"es\"},{\"@type\":\"Organization\",\"@id\":\"https:\\\/\\\/www.pause-au-naturelle.com\\\/#organization\",\"name\":\"Pause au naturelle\",\"url\":\"https:\\\/\\\/www.pause-au-naturelle.com\\\/\",\"logo\":{\"@type\":\"ImageObject\",\"inLanguage\":\"es\",\"@id\":\"https:\\\/\\\/www.pause-au-naturelle.com\\\/#\\\/schema\\\/logo\\\/image\\\/\",\"url\":\"https:\\\/\\\/www.pause-au-naturelle.com\\\/wp-content\\\/uploads\\\/2020\\\/06\\\/logo.png\",\"contentUrl\":\"https:\\\/\\\/www.pause-au-naturelle.com\\\/wp-content\\\/uploads\\\/2020\\\/06\\\/logo.png\",\"width\":250,\"height\":250,\"caption\":\"Pause au naturelle\"},\"image\":{\"@id\":\"https:\\\/\\\/www.pause-au-naturelle.com\\\/#\\\/schema\\\/logo\\\/image\\\/\"}},{\"@type\":\"Person\",\"@id\":\"https:\\\/\\\/www.pause-au-naturelle.com\\\/#\\\/schema\\\/person\\\/8a6e5bbc38c727382c318184436321a0\",\"name\":\"Pause au naturelle\",\"image\":{\"@type\":\"ImageObject\",\"inLanguage\":\"es\",\"@id\":\"https:\\\/\\\/secure.gravatar.com\\\/avatar\\\/2de2f9db297549ce305c8b0151c859e714b1db3894e06c8fa49291b83a622fc4?s=96&d=mm&r=g\",\"url\":\"https:\\\/\\\/secure.gravatar.com\\\/avatar\\\/2de2f9db297549ce305c8b0151c859e714b1db3894e06c8fa49291b83a622fc4?s=96&d=mm&r=g\",\"contentUrl\":\"https:\\\/\\\/secure.gravatar.com\\\/avatar\\\/2de2f9db297549ce305c8b0151c859e714b1db3894e06c8fa49291b83a622fc4?s=96&d=mm&r=g\",\"caption\":\"Pause au naturelle\"},\"url\":\"https:\\\/\\\/www.pause-au-naturelle.com\\\/es\\\/author\\\/najima\\\/\"}]}<\/script>\n<!-- \/ Yoast SEO plugin. -->","yoast_head_json":{"title":"Protegerse del sol de forma natural | Nuestras recomendaciones","description":"Pasar un d\u00eda soleado en la playa es un momento de relajaci\u00f3n y diversi\u00f3n. Aqu\u00ed descubrir\u00e1s c\u00f3mo protegerte del sol de forma natural.","robots":{"index":"index","follow":"follow","max-snippet":"max-snippet:-1","max-image-preview":"max-image-preview:large","max-video-preview":"max-video-preview:-1"},"canonical":"https:\/\/www.pause-au-naturelle.com\/es\/2024\/04\/23\/protegerse-del-sol-de-forma-natural\/","og_locale":"es_ES","og_type":"article","og_title":"Se prot\u00e9ger du soleil naturellement | Nos recommandations","og_description":"Passer une journ\u00e9e ensoleill\u00e9e \u00e0 la plage est un moment de d\u00e9tente et de plaisir. Ici, d\u00e9couvrez comment se prot\u00e9ger du soleil naturellement.","og_url":"https:\/\/www.pause-au-naturelle.com\/es\/2024\/04\/23\/protegerse-del-sol-de-forma-natural\/","og_site_name":"Pause au Naturelle","article_published_time":"2024-04-23T10:19:24+00:00","article_modified_time":"2025-09-27T09:52:11+00:00","og_image":[{"width":1100,"height":578,"url":"https:\/\/www.pause-au-naturelle.com\/wp-content\/uploads\/2024\/04\/se-proteger-du-soleil.jpg","type":"image\/jpeg"}],"author":"Pause au naturelle","twitter_card":"summary_large_image","twitter_misc":{"Escrito por":"Pause au naturelle","Tiempo de lectura":"4 minutos"},"schema":{"@context":"https:\/\/schema.org","@graph":[{"@type":"Article","@id":"https:\/\/www.pause-au-naturelle.com\/2024\/04\/23\/se-proteger-du-soleil-naturellement\/#article","isPartOf":{"@id":"https:\/\/www.pause-au-naturelle.com\/2024\/04\/23\/se-proteger-du-soleil-naturellement\/"},"author":{"name":"Pause au naturelle","@id":"https:\/\/www.pause-au-naturelle.com\/#\/schema\/person\/8a6e5bbc38c727382c318184436321a0"},"headline":"Prot\u00e9gez-vous naturellement du soleil \u00e0 la plage avec ces astuces","datePublished":"2024-04-23T10:19:24+00:00","dateModified":"2025-09-27T09:52:11+00:00","mainEntityOfPage":{"@id":"https:\/\/www.pause-au-naturelle.com\/2024\/04\/23\/se-proteger-du-soleil-naturellement\/"},"wordCount":810,"publisher":{"@id":"https:\/\/www.pause-au-naturelle.com\/#organization"},"image":{"@id":"https:\/\/www.pause-au-naturelle.com\/2024\/04\/23\/se-proteger-du-soleil-naturellement\/#primaryimage"},"thumbnailUrl":"https:\/\/www.pause-au-naturelle.com\/wp-content\/uploads\/2024\/04\/se-proteger-du-soleil.jpg","articleSection":["Ambiance naturelle"],"inLanguage":"es"},{"@type":"WebPage","@id":"https:\/\/www.pause-au-naturelle.com\/2024\/04\/23\/se-proteger-du-soleil-naturellement\/","url":"https:\/\/www.pause-au-naturelle.com\/2024\/04\/23\/se-proteger-du-soleil-naturellement\/","name":"Protegerse del sol de forma natural | Nuestras recomendaciones","isPartOf":{"@id":"https:\/\/www.pause-au-naturelle.com\/#website"},"primaryImageOfPage":{"@id":"https:\/\/www.pause-au-naturelle.com\/2024\/04\/23\/se-proteger-du-soleil-naturellement\/#primaryimage"},"image":{"@id":"https:\/\/www.pause-au-naturelle.com\/2024\/04\/23\/se-proteger-du-soleil-naturellement\/#primaryimage"},"thumbnailUrl":"https:\/\/www.pause-au-naturelle.com\/wp-content\/uploads\/2024\/04\/se-proteger-du-soleil.jpg","datePublished":"2024-04-23T10:19:24+00:00","dateModified":"2025-09-27T09:52:11+00:00","description":"Pasar un d\u00eda soleado en la playa es un momento de relajaci\u00f3n y diversi\u00f3n. Aqu\u00ed descubrir\u00e1s c\u00f3mo protegerte del sol de forma natural.","inLanguage":"es","potentialAction":[{"@type":"ReadAction","target":["https:\/\/www.pause-au-naturelle.com\/2024\/04\/23\/se-proteger-du-soleil-naturellement\/"]}]},{"@type":"ImageObject","inLanguage":"es","@id":"https:\/\/www.pause-au-naturelle.com\/2024\/04\/23\/se-proteger-du-soleil-naturellement\/#primaryimage","url":"https:\/\/www.pause-au-naturelle.com\/wp-content\/uploads\/2024\/04\/se-proteger-du-soleil.jpg","contentUrl":"https:\/\/www.pause-au-naturelle.com\/wp-content\/uploads\/2024\/04\/se-proteger-du-soleil.jpg","width":1100,"height":578,"caption":"se prot\u00e9ger du soleil naturellement"},{"@type":"WebSite","@id":"https:\/\/www.pause-au-naturelle.com\/#website","url":"https:\/\/www.pause-au-naturelle.com\/","name":"Pausa en la naturaleza","description":"","publisher":{"@id":"https:\/\/www.pause-au-naturelle.com\/#organization"},"potentialAction":[{"@type":"SearchAction","target":{"@type":"EntryPoint","urlTemplate":"https:\/\/www.pause-au-naturelle.com\/?s={search_term_string}"},"query-input":{"@type":"PropertyValueSpecification","valueRequired":true,"valueName":"search_term_string"}}],"inLanguage":"es"},{"@type":"Organization","@id":"https:\/\/www.pause-au-naturelle.com\/#organization","name":"Pausa al aire libre","url":"https:\/\/www.pause-au-naturelle.com\/","logo":{"@type":"ImageObject","inLanguage":"es","@id":"https:\/\/www.pause-au-naturelle.com\/#\/schema\/logo\/image\/","url":"https:\/\/www.pause-au-naturelle.com\/wp-content\/uploads\/2020\/06\/logo.png","contentUrl":"https:\/\/www.pause-au-naturelle.com\/wp-content\/uploads\/2020\/06\/logo.png","width":250,"height":250,"caption":"Pause au naturelle"},"image":{"@id":"https:\/\/www.pause-au-naturelle.com\/#\/schema\/logo\/image\/"}},{"@type":"Person","@id":"https:\/\/www.pause-au-naturelle.com\/#\/schema\/person\/8a6e5bbc38c727382c318184436321a0","name":"Pausa al aire libre","image":{"@type":"ImageObject","inLanguage":"es","@id":"https:\/\/secure.gravatar.com\/avatar\/2de2f9db297549ce305c8b0151c859e714b1db3894e06c8fa49291b83a622fc4?s=96&d=mm&r=g","url":"https:\/\/secure.gravatar.com\/avatar\/2de2f9db297549ce305c8b0151c859e714b1db3894e06c8fa49291b83a622fc4?s=96&d=mm&r=g","contentUrl":"https:\/\/secure.gravatar.com\/avatar\/2de2f9db297549ce305c8b0151c859e714b1db3894e06c8fa49291b83a622fc4?s=96&d=mm&r=g","caption":"Pause au naturelle"},"url":"https:\/\/www.pause-au-naturelle.com\/es\/author\/najima\/"}]}},"_links":{"self":[{"href":"https:\/\/www.pause-au-naturelle.com\/es\/wp-json\/wp\/v2\/posts\/10254","targetHints":{"allow":["GET"]}}],"collection":[{"href":"https:\/\/www.pause-au-naturelle.com\/es\/wp-json\/wp\/v2\/posts"}],"about":[{"href":"https:\/\/www.pause-au-naturelle.com\/es\/wp-json\/wp\/v2\/types\/post"}],"author":[{"embeddable":true,"href":"https:\/\/www.pause-au-naturelle.com\/es\/wp-json\/wp\/v2\/users\/1"}],"replies":[{"embeddable":true,"href":"https:\/\/www.pause-au-naturelle.com\/es\/wp-json\/wp\/v2\/comments?post=10254"}],"version-history":[{"count":1,"href":"https:\/\/www.pause-au-naturelle.com\/es\/wp-json\/wp\/v2\/posts\/10254\/revisions"}],"predecessor-version":[{"id":10256,"href":"https:\/\/www.pause-au-naturelle.com\/es\/wp-json\/wp\/v2\/posts\/10254\/revisions\/10256"}],"wp:featuredmedia":[{"embeddable":true,"href":"https:\/\/www.pause-au-naturelle.com\/es\/wp-json\/wp\/v2\/media\/10255"}],"wp:attachment":[{"href":"https:\/\/www.pause-au-naturelle.com\/es\/wp-json\/wp\/v2\/media?parent=10254"}],"wp:term":[{"taxonomy":"category","embeddable":true,"href":"https:\/\/www.pause-au-naturelle.com\/es\/wp-json\/wp\/v2\/categories?post=10254"},{"taxonomy":"post_tag","embeddable":true,"href":"https:\/\/www.pause-au-naturelle.com\/es\/wp-json\/wp\/v2\/tags?post=10254"}],"curies":[{"name":"wp","href":"https:\/\/api.w.org\/{rel}","templated":true}]}}