{"id":10269,"date":"2024-04-25T11:15:52","date_gmt":"2024-04-25T11:15:52","guid":{"rendered":"https:\/\/www.pause-au-naturelle.com\/?p=10269"},"modified":"2025-09-27T09:52:11","modified_gmt":"2025-09-27T09:52:11","slug":"tiempo-de-exposicion-del-tinte-para-canas","status":"publish","type":"post","link":"https:\/\/www.pause-au-naturelle.com\/es\/2024\/04\/25\/temps-de-pose-henne-cheveux-blancs\/","title":{"rendered":"Gu\u00eda pr\u00e1ctica sobre el tiempo de exposici\u00f3n de la henna para el cabello blanco"},"content":{"rendered":"<p>El\u00a0<strong>henna<\/strong>\u00a0La henna se utiliza desde hace miles de a\u00f1os como tinte natural para el cabello. Sus propiedades cubrientes hacen de la henna una opci\u00f3n preferida para quienes desean camuflar su cabello.\u00a0<strong>cabello blanco<\/strong>\u00a0sin recurrir a tintes qu\u00edmicos. Adem\u00e1s de su capacidad para colorear, la henna fortalece, acondiciona y mejora la salud general del cuero cabelludo. \u00a1Ampl\u00ede el tiempo de aplicaci\u00f3n de la henna para cabellos blancos!<\/p>\n\n\n\n<h2 class=\"wp-block-heading\"><strong>Prepara tu cabello para una aplicaci\u00f3n eficaz de la henna<\/strong><\/h2>\n\n\n\n<p>Antes de aplicar la henna, es fundamental preparar el cabello para maximizar la eficacia del tratamiento. Empieza por lavarte bien el pelo con un <strong><a href=\"https:\/\/www.pause-au-naturelle.com\/es\/producto\/champu-solido-nila-aprox-80-g-assali\/\">champ\u00fa clarificante<\/a><\/strong> para eliminar los restos de producto. Aseg\u00farate de que tu pelo est\u00e9 completamente seco antes de aplicar la henna, ya que la humedad puede afectar a la uniformidad del color.<\/p>\n\n\n\n<h3 class=\"wp-block-heading\"><strong>Elegir la calidad de la henna<\/strong><\/h3>\n\n\n\n<p>Elige una henna de buena calidad, preferiblemente org\u00e1nica, para evitar aditivos qu\u00edmicos que podr\u00edan ser perjudiciales. La henna pura no s\u00f3lo garantiza una mejor cobertura del&nbsp;<strong>cabello blanco<\/strong>, Pero tambi\u00e9n cuida de la salud de tu cabello.<\/p>\n\n\n\n<h2 class=\"wp-block-heading\"><strong>Tiempo de exposici\u00f3n \u00f3ptimo para cubrir las canas<\/strong><\/h2>\n\n\n\n<p>El tiempo de aplicaci\u00f3n de la henna es crucial para una cobertura \u00f3ptima de los cabellos blancos. A diferencia de los tintes qu\u00edmicos, la henna requiere un tiempo de aplicaci\u00f3n mucho m\u00e1s largo. Por lo general, se recomienda dejar actuar la henna entre 3 y 6 horas, en funci\u00f3n de la intensidad del color que se desee.<\/p>\n\n\n\n<h3 class=\"wp-block-heading\"><strong>Influencia del tipo de cabello en el tiempo de exposici\u00f3n<\/strong><\/h3>\n\n\n\n<p>La textura y la porosidad del cabello pueden influir en el tiempo de aplicaci\u00f3n necesario. Los cabellos finos o muy porosos pueden absorber el color m\u00e1s r\u00e1pidamente, mientras que los m\u00e1s gruesos o menos porosos pueden necesitar m\u00e1s tiempo para conseguir el tono deseado.<\/p>\n\n\n\n<h2 class=\"wp-block-heading\"><strong>T\u00e9cnicas de aplicaci\u00f3n para resultados perfectos<\/strong><\/h2>\n\n\n\n<p>La henna debe aplicarse met\u00f3dicamente para garantizar una cobertura uniforme de todo el cabello blanco. Divida el cabello en secciones manejables y aplique la mezcla generosamente de la ra\u00edz a las puntas, asegur\u00e1ndose de que cada mech\u00f3n quede bien cubierto.<\/p>\n\n\n\n<h3 class=\"wp-block-heading\"><strong>Seguridad durante la aplicaci\u00f3n<\/strong><\/h3>\n\n\n\n<p>Lleve siempre<strong><a href=\"https:\/\/www.pause-au-naturelle.com\/es\/cat%c3%a9gorie-produit\/guante-kessa-marroqui\/\"> guantes<\/a><\/strong> durante la aplicaci\u00f3n para proteger las manos del color. Tambi\u00e9n es aconsejable aplicar una crema barrera a lo largo de la frente. Las orejas y la nuca para evitar manchas en la piel.<\/p>\n\n\n\n<h2 class=\"wp-block-heading\"><strong>Despu\u00e9s de la aplicaci\u00f3n: cuidado y mantenimiento post-henna<\/strong><\/h2>\n\n\n\n<p>Los cuidados no terminan una vez aclarada la henna. Utiliza un acondicionador hidratante para retener la humedad y aportar brillo natural al cabello. Evita los champ\u00fas fuertes durante los primeros lavados despu\u00e9s de aplicar la henna, ya que pueden eliminar el color antes de tiempo.<\/p>\n\n\n\n<h3 class=\"wp-block-heading\"><strong>Mantener el color vibrante<\/strong><\/h3>\n\n\n\n<p>Para mantener la vitalidad del nuevo tono, considera la posibilidad de utilizar productos especialmente dise\u00f1ados para cabellos te\u00f1idos. Estos productos ayudan a mantener la intensidad del color y prolongan los efectos de la henna en el pelo blanco.<\/p>\n\n\n\n<h2 class=\"wp-block-heading\"><strong>Preguntas frecuentes<\/strong><\/h2>\n\n\n\n<ul class=\"wp-block-list\">\n<li><strong>\u00bfQu\u00e9 cantidad de henna debo utilizar para las canas?<\/strong>\u00a0La cantidad de henna que necesitas depende de la longitud y el grosor de tu pelo.<\/li>\n\n\n\n<li><strong>\u00bfLa henna da\u00f1a el cabello?<\/strong>\u00a0La henna es una alternativa segura y natural que trata y fortalece el cabello en lugar de da\u00f1arlo.<\/li>\n\n\n\n<li><strong>\u00bfPuedo mezclar la henna con otras sustancias para mejorar la cobertura?<\/strong>\u00a0S\u00ed, la henna puede mezclarse con otros ingredientes naturales como el caf\u00e9 o el t\u00e9 para intensificar los resultados.<\/li>\n<\/ul>\n\n\n\n<p>Siguiendo estos consejos y t\u00e9cnicas, podr\u00e1s aplicar henna de forma eficaz para disimular&nbsp;<strong>las canas<\/strong>&nbsp;a la vez que nutre y fortalece tu cabello.<\/p>","protected":false},"excerpt":{"rendered":"<p>Le\u00a0henn\u00e9\u00a0est utilis\u00e9 depuis des mill\u00e9naires comme colorant naturel capillaire. Ses propri\u00e9t\u00e9s couvrantes font du henn\u00e9 une option privil\u00e9gi\u00e9e pour ceux qui souhaitent camoufler leurs\u00a0cheveux blancs\u00a0sans recourir aux teintures chimiques. En plus de sa capacit\u00e9 \u00e0 colorer, le henn\u00e9 fortifie, conditionne et am\u00e9liore la sant\u00e9 globale du cuir chevelu. Zoom sur le temps de pose henn\u00e9 [&#8230;]\n","protected":false},"author":1,"featured_media":10270,"comment_status":"closed","ping_status":"closed","sticky":false,"template":"","format":"standard","meta":{"footnotes":""},"categories":[70],"tags":[],"class_list":["post-10269","post","type-post","status-publish","format-standard","has-post-thumbnail","hentry","category-cosmetiques"],"yoast_head":"<!-- This site is optimized with the Yoast SEO plugin v27.3 - https:\/\/yoast.com\/product\/yoast-seo-wordpress\/ -->\n<title>Temps de pose henn\u00e9 cheveux blancs | Le guide complet<\/title>\n<meta name=\"description\" content=\"En plus de sa capacit\u00e9 \u00e0 colorer, le henn\u00e9 fortifie et am\u00e9liore le cuir chevelu. Zoom sur le temps de pose henn\u00e9 cheveux blancs !\" \/>\n<meta name=\"robots\" content=\"index, follow, max-snippet:-1, max-image-preview:large, max-video-preview:-1\" \/>\n<link rel=\"canonical\" href=\"https:\/\/www.pause-au-naturelle.com\/es\/2024\/04\/25\/tiempo-de-exposicion-del-tinte-para-canas\/\" \/>\n<meta property=\"og:locale\" content=\"es_ES\" \/>\n<meta property=\"og:type\" content=\"article\" \/>\n<meta property=\"og:title\" content=\"Temps de pose henn\u00e9 cheveux blancs | Le guide complet\" \/>\n<meta property=\"og:description\" content=\"En plus de sa capacit\u00e9 \u00e0 colorer, le henn\u00e9 fortifie et am\u00e9liore le cuir chevelu. Zoom sur le temps de pose henn\u00e9 cheveux blancs !\" \/>\n<meta property=\"og:url\" content=\"https:\/\/www.pause-au-naturelle.com\/es\/2024\/04\/25\/tiempo-de-exposicion-del-tinte-para-canas\/\" \/>\n<meta property=\"og:site_name\" content=\"Pause au Naturelle\" \/>\n<meta property=\"article:published_time\" content=\"2024-04-25T11:15:52+00:00\" \/>\n<meta property=\"article:modified_time\" content=\"2025-09-27T09:52:11+00:00\" \/>\n<meta property=\"og:image\" content=\"https:\/\/www.pause-au-naturelle.com\/wp-content\/uploads\/2024\/04\/temps-de-pose-henne-cheveux-blancs-.jpg\" \/>\n\t<meta property=\"og:image:width\" content=\"1100\" \/>\n\t<meta property=\"og:image:height\" content=\"578\" \/>\n\t<meta property=\"og:image:type\" content=\"image\/jpeg\" \/>\n<meta name=\"author\" content=\"Pause au naturelle\" \/>\n<meta name=\"twitter:card\" content=\"summary_large_image\" \/>\n<meta name=\"twitter:label1\" content=\"Escrito por\" \/>\n\t<meta name=\"twitter:data1\" content=\"Pause au naturelle\" \/>\n\t<meta name=\"twitter:label2\" content=\"Tiempo de lectura\" \/>\n\t<meta name=\"twitter:data2\" content=\"3 minutos\" \/>\n<script type=\"application\/ld+json\" class=\"yoast-schema-graph\">{\"@context\":\"https:\\\/\\\/schema.org\",\"@graph\":[{\"@type\":\"Article\",\"@id\":\"https:\\\/\\\/www.pause-au-naturelle.com\\\/2024\\\/04\\\/25\\\/temps-de-pose-henne-cheveux-blancs\\\/#article\",\"isPartOf\":{\"@id\":\"https:\\\/\\\/www.pause-au-naturelle.com\\\/2024\\\/04\\\/25\\\/temps-de-pose-henne-cheveux-blancs\\\/\"},\"author\":{\"name\":\"Pause au naturelle\",\"@id\":\"https:\\\/\\\/www.pause-au-naturelle.com\\\/#\\\/schema\\\/person\\\/8a6e5bbc38c727382c318184436321a0\"},\"headline\":\"Guide pratique sur le temps de pose du henn\u00e9 pour les cheveux blancs\",\"datePublished\":\"2024-04-25T11:15:52+00:00\",\"dateModified\":\"2025-09-27T09:52:11+00:00\",\"mainEntityOfPage\":{\"@id\":\"https:\\\/\\\/www.pause-au-naturelle.com\\\/2024\\\/04\\\/25\\\/temps-de-pose-henne-cheveux-blancs\\\/\"},\"wordCount\":663,\"publisher\":{\"@id\":\"https:\\\/\\\/www.pause-au-naturelle.com\\\/#organization\"},\"image\":{\"@id\":\"https:\\\/\\\/www.pause-au-naturelle.com\\\/2024\\\/04\\\/25\\\/temps-de-pose-henne-cheveux-blancs\\\/#primaryimage\"},\"thumbnailUrl\":\"https:\\\/\\\/www.pause-au-naturelle.com\\\/wp-content\\\/uploads\\\/2024\\\/04\\\/temps-de-pose-henne-cheveux-blancs-.jpg\",\"articleSection\":[\"Cosm\u00e9tiques\"],\"inLanguage\":\"es\"},{\"@type\":\"WebPage\",\"@id\":\"https:\\\/\\\/www.pause-au-naturelle.com\\\/2024\\\/04\\\/25\\\/temps-de-pose-henne-cheveux-blancs\\\/\",\"url\":\"https:\\\/\\\/www.pause-au-naturelle.com\\\/2024\\\/04\\\/25\\\/temps-de-pose-henne-cheveux-blancs\\\/\",\"name\":\"Temps de pose henn\u00e9 cheveux blancs | Le guide complet\",\"isPartOf\":{\"@id\":\"https:\\\/\\\/www.pause-au-naturelle.com\\\/#website\"},\"primaryImageOfPage\":{\"@id\":\"https:\\\/\\\/www.pause-au-naturelle.com\\\/2024\\\/04\\\/25\\\/temps-de-pose-henne-cheveux-blancs\\\/#primaryimage\"},\"image\":{\"@id\":\"https:\\\/\\\/www.pause-au-naturelle.com\\\/2024\\\/04\\\/25\\\/temps-de-pose-henne-cheveux-blancs\\\/#primaryimage\"},\"thumbnailUrl\":\"https:\\\/\\\/www.pause-au-naturelle.com\\\/wp-content\\\/uploads\\\/2024\\\/04\\\/temps-de-pose-henne-cheveux-blancs-.jpg\",\"datePublished\":\"2024-04-25T11:15:52+00:00\",\"dateModified\":\"2025-09-27T09:52:11+00:00\",\"description\":\"En plus de sa capacit\u00e9 \u00e0 colorer, le henn\u00e9 fortifie et am\u00e9liore le cuir chevelu. Zoom sur le temps de pose henn\u00e9 cheveux blancs !\",\"inLanguage\":\"es\",\"potentialAction\":[{\"@type\":\"ReadAction\",\"target\":[\"https:\\\/\\\/www.pause-au-naturelle.com\\\/2024\\\/04\\\/25\\\/temps-de-pose-henne-cheveux-blancs\\\/\"]}]},{\"@type\":\"ImageObject\",\"inLanguage\":\"es\",\"@id\":\"https:\\\/\\\/www.pause-au-naturelle.com\\\/2024\\\/04\\\/25\\\/temps-de-pose-henne-cheveux-blancs\\\/#primaryimage\",\"url\":\"https:\\\/\\\/www.pause-au-naturelle.com\\\/wp-content\\\/uploads\\\/2024\\\/04\\\/temps-de-pose-henne-cheveux-blancs-.jpg\",\"contentUrl\":\"https:\\\/\\\/www.pause-au-naturelle.com\\\/wp-content\\\/uploads\\\/2024\\\/04\\\/temps-de-pose-henne-cheveux-blancs-.jpg\",\"width\":1100,\"height\":578,\"caption\":\"temps de pose henn\u00e9 cheveux blancs\"},{\"@type\":\"WebSite\",\"@id\":\"https:\\\/\\\/www.pause-au-naturelle.com\\\/#website\",\"url\":\"https:\\\/\\\/www.pause-au-naturelle.com\\\/\",\"name\":\"Pause au Naturelle\",\"description\":\"\",\"publisher\":{\"@id\":\"https:\\\/\\\/www.pause-au-naturelle.com\\\/#organization\"},\"potentialAction\":[{\"@type\":\"SearchAction\",\"target\":{\"@type\":\"EntryPoint\",\"urlTemplate\":\"https:\\\/\\\/www.pause-au-naturelle.com\\\/?s={search_term_string}\"},\"query-input\":{\"@type\":\"PropertyValueSpecification\",\"valueRequired\":true,\"valueName\":\"search_term_string\"}}],\"inLanguage\":\"es\"},{\"@type\":\"Organization\",\"@id\":\"https:\\\/\\\/www.pause-au-naturelle.com\\\/#organization\",\"name\":\"Pause au naturelle\",\"url\":\"https:\\\/\\\/www.pause-au-naturelle.com\\\/\",\"logo\":{\"@type\":\"ImageObject\",\"inLanguage\":\"es\",\"@id\":\"https:\\\/\\\/www.pause-au-naturelle.com\\\/#\\\/schema\\\/logo\\\/image\\\/\",\"url\":\"https:\\\/\\\/www.pause-au-naturelle.com\\\/wp-content\\\/uploads\\\/2020\\\/06\\\/logo.png\",\"contentUrl\":\"https:\\\/\\\/www.pause-au-naturelle.com\\\/wp-content\\\/uploads\\\/2020\\\/06\\\/logo.png\",\"width\":250,\"height\":250,\"caption\":\"Pause au naturelle\"},\"image\":{\"@id\":\"https:\\\/\\\/www.pause-au-naturelle.com\\\/#\\\/schema\\\/logo\\\/image\\\/\"}},{\"@type\":\"Person\",\"@id\":\"https:\\\/\\\/www.pause-au-naturelle.com\\\/#\\\/schema\\\/person\\\/8a6e5bbc38c727382c318184436321a0\",\"name\":\"Pause au naturelle\",\"image\":{\"@type\":\"ImageObject\",\"inLanguage\":\"es\",\"@id\":\"https:\\\/\\\/secure.gravatar.com\\\/avatar\\\/2de2f9db297549ce305c8b0151c859e714b1db3894e06c8fa49291b83a622fc4?s=96&d=mm&r=g\",\"url\":\"https:\\\/\\\/secure.gravatar.com\\\/avatar\\\/2de2f9db297549ce305c8b0151c859e714b1db3894e06c8fa49291b83a622fc4?s=96&d=mm&r=g\",\"contentUrl\":\"https:\\\/\\\/secure.gravatar.com\\\/avatar\\\/2de2f9db297549ce305c8b0151c859e714b1db3894e06c8fa49291b83a622fc4?s=96&d=mm&r=g\",\"caption\":\"Pause au naturelle\"},\"url\":\"https:\\\/\\\/www.pause-au-naturelle.com\\\/es\\\/author\\\/najima\\\/\"}]}<\/script>\n<!-- \/ Yoast SEO plugin. -->","yoast_head_json":{"title":"Tiempo de exposici\u00f3n de la henna en el cabello blanco | La gu\u00eda completa","description":"Adem\u00e1s de su capacidad para te\u00f1ir, la henna fortalece y mejora el cuero cabelludo. \u00a1Zoom sobre el tiempo de exposici\u00f3n de la henna en el cabello blanco!","robots":{"index":"index","follow":"follow","max-snippet":"max-snippet:-1","max-image-preview":"max-image-preview:large","max-video-preview":"max-video-preview:-1"},"canonical":"https:\/\/www.pause-au-naturelle.com\/es\/2024\/04\/25\/tiempo-de-exposicion-del-tinte-para-canas\/","og_locale":"es_ES","og_type":"article","og_title":"Temps de pose henn\u00e9 cheveux blancs | Le guide complet","og_description":"En plus de sa capacit\u00e9 \u00e0 colorer, le henn\u00e9 fortifie et am\u00e9liore le cuir chevelu. Zoom sur le temps de pose henn\u00e9 cheveux blancs !","og_url":"https:\/\/www.pause-au-naturelle.com\/es\/2024\/04\/25\/tiempo-de-exposicion-del-tinte-para-canas\/","og_site_name":"Pause au Naturelle","article_published_time":"2024-04-25T11:15:52+00:00","article_modified_time":"2025-09-27T09:52:11+00:00","og_image":[{"width":1100,"height":578,"url":"https:\/\/www.pause-au-naturelle.com\/wp-content\/uploads\/2024\/04\/temps-de-pose-henne-cheveux-blancs-.jpg","type":"image\/jpeg"}],"author":"Pause au naturelle","twitter_card":"summary_large_image","twitter_misc":{"Escrito por":"Pause au naturelle","Tiempo de lectura":"3 minutos"},"schema":{"@context":"https:\/\/schema.org","@graph":[{"@type":"Article","@id":"https:\/\/www.pause-au-naturelle.com\/2024\/04\/25\/temps-de-pose-henne-cheveux-blancs\/#article","isPartOf":{"@id":"https:\/\/www.pause-au-naturelle.com\/2024\/04\/25\/temps-de-pose-henne-cheveux-blancs\/"},"author":{"name":"Pause au naturelle","@id":"https:\/\/www.pause-au-naturelle.com\/#\/schema\/person\/8a6e5bbc38c727382c318184436321a0"},"headline":"Guide pratique sur le temps de pose du henn\u00e9 pour les cheveux blancs","datePublished":"2024-04-25T11:15:52+00:00","dateModified":"2025-09-27T09:52:11+00:00","mainEntityOfPage":{"@id":"https:\/\/www.pause-au-naturelle.com\/2024\/04\/25\/temps-de-pose-henne-cheveux-blancs\/"},"wordCount":663,"publisher":{"@id":"https:\/\/www.pause-au-naturelle.com\/#organization"},"image":{"@id":"https:\/\/www.pause-au-naturelle.com\/2024\/04\/25\/temps-de-pose-henne-cheveux-blancs\/#primaryimage"},"thumbnailUrl":"https:\/\/www.pause-au-naturelle.com\/wp-content\/uploads\/2024\/04\/temps-de-pose-henne-cheveux-blancs-.jpg","articleSection":["Cosm\u00e9tiques"],"inLanguage":"es"},{"@type":"WebPage","@id":"https:\/\/www.pause-au-naturelle.com\/2024\/04\/25\/temps-de-pose-henne-cheveux-blancs\/","url":"https:\/\/www.pause-au-naturelle.com\/2024\/04\/25\/temps-de-pose-henne-cheveux-blancs\/","name":"Tiempo de exposici\u00f3n de la henna en el cabello blanco | La gu\u00eda completa","isPartOf":{"@id":"https:\/\/www.pause-au-naturelle.com\/#website"},"primaryImageOfPage":{"@id":"https:\/\/www.pause-au-naturelle.com\/2024\/04\/25\/temps-de-pose-henne-cheveux-blancs\/#primaryimage"},"image":{"@id":"https:\/\/www.pause-au-naturelle.com\/2024\/04\/25\/temps-de-pose-henne-cheveux-blancs\/#primaryimage"},"thumbnailUrl":"https:\/\/www.pause-au-naturelle.com\/wp-content\/uploads\/2024\/04\/temps-de-pose-henne-cheveux-blancs-.jpg","datePublished":"2024-04-25T11:15:52+00:00","dateModified":"2025-09-27T09:52:11+00:00","description":"Adem\u00e1s de su capacidad para te\u00f1ir, la henna fortalece y mejora el cuero cabelludo. \u00a1Zoom sobre el tiempo de exposici\u00f3n de la henna en el cabello blanco!","inLanguage":"es","potentialAction":[{"@type":"ReadAction","target":["https:\/\/www.pause-au-naturelle.com\/2024\/04\/25\/temps-de-pose-henne-cheveux-blancs\/"]}]},{"@type":"ImageObject","inLanguage":"es","@id":"https:\/\/www.pause-au-naturelle.com\/2024\/04\/25\/temps-de-pose-henne-cheveux-blancs\/#primaryimage","url":"https:\/\/www.pause-au-naturelle.com\/wp-content\/uploads\/2024\/04\/temps-de-pose-henne-cheveux-blancs-.jpg","contentUrl":"https:\/\/www.pause-au-naturelle.com\/wp-content\/uploads\/2024\/04\/temps-de-pose-henne-cheveux-blancs-.jpg","width":1100,"height":578,"caption":"temps de pose henn\u00e9 cheveux blancs"},{"@type":"WebSite","@id":"https:\/\/www.pause-au-naturelle.com\/#website","url":"https:\/\/www.pause-au-naturelle.com\/","name":"Pausa en la naturaleza","description":"","publisher":{"@id":"https:\/\/www.pause-au-naturelle.com\/#organization"},"potentialAction":[{"@type":"SearchAction","target":{"@type":"EntryPoint","urlTemplate":"https:\/\/www.pause-au-naturelle.com\/?s={search_term_string}"},"query-input":{"@type":"PropertyValueSpecification","valueRequired":true,"valueName":"search_term_string"}}],"inLanguage":"es"},{"@type":"Organization","@id":"https:\/\/www.pause-au-naturelle.com\/#organization","name":"Pausa al aire libre","url":"https:\/\/www.pause-au-naturelle.com\/","logo":{"@type":"ImageObject","inLanguage":"es","@id":"https:\/\/www.pause-au-naturelle.com\/#\/schema\/logo\/image\/","url":"https:\/\/www.pause-au-naturelle.com\/wp-content\/uploads\/2020\/06\/logo.png","contentUrl":"https:\/\/www.pause-au-naturelle.com\/wp-content\/uploads\/2020\/06\/logo.png","width":250,"height":250,"caption":"Pause au naturelle"},"image":{"@id":"https:\/\/www.pause-au-naturelle.com\/#\/schema\/logo\/image\/"}},{"@type":"Person","@id":"https:\/\/www.pause-au-naturelle.com\/#\/schema\/person\/8a6e5bbc38c727382c318184436321a0","name":"Pausa al aire libre","image":{"@type":"ImageObject","inLanguage":"es","@id":"https:\/\/secure.gravatar.com\/avatar\/2de2f9db297549ce305c8b0151c859e714b1db3894e06c8fa49291b83a622fc4?s=96&d=mm&r=g","url":"https:\/\/secure.gravatar.com\/avatar\/2de2f9db297549ce305c8b0151c859e714b1db3894e06c8fa49291b83a622fc4?s=96&d=mm&r=g","contentUrl":"https:\/\/secure.gravatar.com\/avatar\/2de2f9db297549ce305c8b0151c859e714b1db3894e06c8fa49291b83a622fc4?s=96&d=mm&r=g","caption":"Pause au naturelle"},"url":"https:\/\/www.pause-au-naturelle.com\/es\/author\/najima\/"}]}},"_links":{"self":[{"href":"https:\/\/www.pause-au-naturelle.com\/es\/wp-json\/wp\/v2\/posts\/10269","targetHints":{"allow":["GET"]}}],"collection":[{"href":"https:\/\/www.pause-au-naturelle.com\/es\/wp-json\/wp\/v2\/posts"}],"about":[{"href":"https:\/\/www.pause-au-naturelle.com\/es\/wp-json\/wp\/v2\/types\/post"}],"author":[{"embeddable":true,"href":"https:\/\/www.pause-au-naturelle.com\/es\/wp-json\/wp\/v2\/users\/1"}],"replies":[{"embeddable":true,"href":"https:\/\/www.pause-au-naturelle.com\/es\/wp-json\/wp\/v2\/comments?post=10269"}],"version-history":[{"count":1,"href":"https:\/\/www.pause-au-naturelle.com\/es\/wp-json\/wp\/v2\/posts\/10269\/revisions"}],"predecessor-version":[{"id":10271,"href":"https:\/\/www.pause-au-naturelle.com\/es\/wp-json\/wp\/v2\/posts\/10269\/revisions\/10271"}],"wp:featuredmedia":[{"embeddable":true,"href":"https:\/\/www.pause-au-naturelle.com\/es\/wp-json\/wp\/v2\/media\/10270"}],"wp:attachment":[{"href":"https:\/\/www.pause-au-naturelle.com\/es\/wp-json\/wp\/v2\/media?parent=10269"}],"wp:term":[{"taxonomy":"category","embeddable":true,"href":"https:\/\/www.pause-au-naturelle.com\/es\/wp-json\/wp\/v2\/categories?post=10269"},{"taxonomy":"post_tag","embeddable":true,"href":"https:\/\/www.pause-au-naturelle.com\/es\/wp-json\/wp\/v2\/tags?post=10269"}],"curies":[{"name":"wp","href":"https:\/\/api.w.org\/{rel}","templated":true}]}}