{"id":13744,"date":"2025-03-27T14:15:30","date_gmt":"2025-03-27T14:15:30","guid":{"rendered":"https:\/\/www.pause-au-naturelle.com\/?p=13744"},"modified":"2025-09-27T09:51:05","modified_gmt":"2025-09-27T09:51:05","slug":"alergia-a-la-base-de-maquillaje","status":"publish","type":"post","link":"https:\/\/www.pause-au-naturelle.com\/es\/2025\/03\/27\/allergie-au-fond-de-teint\/","title":{"rendered":"Alergia a la base de maquillaje: \u00bfc\u00f3mo identificarla y aliviarla?"},"content":{"rendered":"<h2 class=\"wp-block-heading\"><strong>Introducci\u00f3n<\/strong><\/h2>\n\n\n\n<p>La base de maquillaje es parte integral de muchas rutinas de belleza. Sin embargo, algunas pieles pueden reaccionar mal a ciertos componentes, provocando enrojecimiento, picaz\u00f3n o granos. \u00bfC\u00f3mo identificar una alergia a la base de maquillaje y, sobre todo, c\u00f3mo tratarla de manera eficaz? Aqu\u00ed tienes todo lo que necesitas saber.<\/p>\n\n\n\n<h2 class=\"wp-block-heading\"><strong>\u00bfC\u00f3mo identificar una alergia cosm\u00e9tica?<\/strong><\/h2>\n\n\n\n<h3 class=\"wp-block-heading\"><strong>\u00bfC\u00f3mo se manifiesta una alergia a la base de maquillaje?<\/strong><\/h3>\n\n\n\n<p>Las reacciones al\u00e9rgicas a la base de maquillaje pueden variar seg\u00fan la sensibilidad de la piel y la composici\u00f3n del producto. Por lo general, se manifiestan en forma de rojeces, placas secas, granos inflamatorios o hinchazones.<\/p>\n\n\n\n<h3 class=\"wp-block-heading\"><strong>\u00bfCu\u00e1les son los s\u00edntomas?<\/strong><\/h3>\n\n\n\n<p>Estos son los s\u00edntomas m\u00e1s comunes de una alergia al maquillaje:<\/p>\n\n\n\n<ul class=\"wp-block-list\">\n<li>Enrojecimiento e irritaci\u00f3n cut\u00e1nea<\/li>\n\n\n\n<li>Sensaci\u00f3n de <strong><a href=\"https:\/\/www.pause-au-naturelle.com\/es\/2024\/10\/02\/depilacion\/\">quemadura<\/a><\/strong> o hormigueo<\/li>\n\n\n\n<li>Picaz\u00f3n intensa<\/li>\n\n\n\n<li>Aparici\u00f3n de peque\u00f1os granos o placas secas.<\/li>\n\n\n\n<li>Piel que se descama o se vuelve especialmente sensible<\/li>\n<\/ul>\n\n\n\n<h3 class=\"wp-block-heading\"><strong>\u00bfCu\u00e1les son los primeros s\u00edntomas?<\/strong><\/h3>\n\n\n\n<p>Los primeros s\u00edntomas de una reacci\u00f3n al\u00e9rgica suelen aparecer poco despu\u00e9s de la aplicaci\u00f3n. Una sensaci\u00f3n inmediata de malestar, picor o enrojecimiento son se\u00f1ales de alerta que indican que hay que retirar el producto inmediatamente.<\/p>\n\n\n\n<h2 class=\"wp-block-heading\"><strong>\u00bfC\u00f3mo aliviar una alergia a la base de maquillaje?<\/strong><\/h2>\n\n\n\n<p>Si tu piel reacciona mal a una base de maquillaje, estos son los pasos que debes seguir:<\/p>\n\n\n\n<ol start=\"1\" class=\"wp-block-list\">\n<li><strong>Elimine inmediatamente el producto.<\/strong>\u00a0con agua micelar suave o un limpiador hipoalerg\u00e9nico.<\/li>\n\n\n\n<li><strong>Calmar la piel<\/strong>\u00a0con una crema hidratante adecuada para pieles sensibles (por ejemplo, Bepanthen, Cicalfate).<\/li>\n\n\n\n<li><strong>Evitar aplicar otros cosm\u00e9ticos.<\/strong>\u00a0hasta que desaparezcan los s\u00edntomas.<\/li>\n\n\n\n<li><strong>Tomar un antihistam\u00ednico.<\/strong>\u00a0si la reacci\u00f3n es grave (bajo supervisi\u00f3n m\u00e9dica).<\/li>\n\n\n\n<li><strong>Consultar a un dermat\u00f3logo<\/strong>\u00a0en caso de reacci\u00f3n persistente o grave.<\/li>\n<\/ol>\n\n\n\n<h2 class=\"wp-block-heading\"><strong>\u00bfQu\u00e9 alternativas hay a la base de maquillaje?<\/strong><\/h2>\n\n\n\n<h3 class=\"wp-block-heading\"><strong>\u00bfPor qu\u00e9 una base de maquillaje puede provocar alergia?<\/strong><\/h3>\n\n\n\n<p>Las alergias a las bases de maquillaje suelen deberse a la presencia de determinadas sustancias irritantes o alerg\u00e9nicas. Estas son las principales responsables:<\/p>\n\n\n\n<h4 class=\"wp-block-heading\"><strong>Ingredientes que suelen ser responsables:<\/strong><\/h4>\n\n\n\n<ul class=\"wp-block-list\">\n<li><strong>Perfumes y conservantes<\/strong>\u00a0(parabenos, fenoxietanol)<\/li>\n\n\n\n<li><strong>Aceites esenciales<\/strong>\u00a0(habituales en las f\u00f3rmulas naturales)<\/li>\n\n\n\n<li><strong>Siliconas y pol\u00edmeros<\/strong><\/li>\n\n\n\n<li><strong>Colorantes sint\u00e9ticos<\/strong><\/li>\n\n\n\n<li><strong>Filtros solares qu\u00edmicos<\/strong><\/li>\n<\/ul>\n\n\n\n<h3 class=\"wp-block-heading\"><strong>Las bases de maquillaje m\u00e1s propensas a provocar una reacci\u00f3n<\/strong><\/h3>\n\n\n\n<p>Algunos productos presentan un mayor riesgo debido a su formulaci\u00f3n:<\/p>\n\n\n\n<ul class=\"wp-block-list\">\n<li>Fundas de maquillaje de larga duraci\u00f3n ricas en siliconas<\/li>\n\n\n\n<li>Productos que contienen fragancias y aceites esenciales<\/li>\n\n\n\n<li>F\u00f3rmulas muy cubrientes con una alta concentraci\u00f3n de pigmentos sint\u00e9ticos.<\/li>\n<\/ul>\n\n\n\n<h3 class=\"wp-block-heading\"><strong>Fundas de pantalla adaptadas a pieles sensibles<\/strong><\/h3>\n\n\n\n<p>Para evitar reacciones al\u00e9rgicas, opte por:<\/p>\n\n\n\n<ul class=\"wp-block-list\">\n<li><strong>Las bases de maquillaje minerales<\/strong>\u00a0(por ejemplo: Lily Lolo, BareMinerals)<\/li>\n\n\n\n<li><strong>F\u00f3rmulas sin perfume ni conservantes<\/strong>\u00a0(por ejemplo: La Roche-Posay, Av\u00e8ne)<\/li>\n\n\n\n<li><strong>Productos hipoalerg\u00e9nicos y testados dermatol\u00f3gicamente.<\/strong><\/li>\n<\/ul>\n\n\n\n<p>Las reacciones al\u00e9rgicas a las bases de maquillaje son frecuentes, pero se pueden evitar eligiendo productos adecuados. En caso de reacci\u00f3n, es fundamental identificar el ingrediente causante y optar por alternativas m\u00e1s suaves. Algunas\u00a0<a href=\"https:\/\/www.tsybrovamakeup.fr\/\"><strong>maquilladoras en Lyon<\/strong><\/a> Por ejemplo, utilizan una gama completa de maquillaje sin al\u00e9rgenos. Para tener una piel sana, lo m\u00e1s importante es elegir productos adecuados para su sensibilidad.<\/p>","protected":false},"excerpt":{"rendered":"<p>Introduction Le fond de teint fait partie int\u00e9grante de nombreuses routines beaut\u00e9. Cependant, certaines peaux peuvent mal r\u00e9agir \u00e0 certains composants, entra\u00eenant des rougeurs, des d\u00e9mangeaisons ou des boutons. Comment identifier une allergie au fond de teint et surtout, comment la g\u00e9rer efficacement ? Voici tout ce qu&rsquo;il faut savoir. Comment identifier une allergie cosm\u00e9tique\u00a0? [&#8230;]\n","protected":false},"author":1,"featured_media":13745,"comment_status":"closed","ping_status":"closed","sticky":false,"template":"","format":"standard","meta":{"footnotes":""},"categories":[1],"tags":[],"class_list":["post-13744","post","type-post","status-publish","format-standard","has-post-thumbnail","hentry","category-aliments-naturels"],"yoast_head":"<!-- This site is optimized with the Yoast SEO plugin v27.3 - https:\/\/yoast.com\/product\/yoast-seo-wordpress\/ -->\n<title>Allergie au fond de teint | Guide pratique sur le sujet<\/title>\n<meta name=\"description\" content=\"Comment identifier une allergie au fond de teint et surtout, comment la g\u00e9rer efficacement ? Ici, d\u00e9couvrez notre guide sur le sujet !\" \/>\n<meta name=\"robots\" content=\"index, follow, max-snippet:-1, max-image-preview:large, max-video-preview:-1\" \/>\n<link rel=\"canonical\" href=\"https:\/\/www.pause-au-naturelle.com\/es\/2025\/03\/27\/alergia-a-la-base-de-maquillaje\/\" \/>\n<meta property=\"og:locale\" content=\"es_ES\" \/>\n<meta property=\"og:type\" content=\"article\" \/>\n<meta property=\"og:title\" content=\"Allergie au fond de teint | Guide pratique sur le sujet\" \/>\n<meta property=\"og:description\" content=\"Comment identifier une allergie au fond de teint et surtout, comment la g\u00e9rer efficacement ? Ici, d\u00e9couvrez notre guide sur le sujet !\" \/>\n<meta property=\"og:url\" content=\"https:\/\/www.pause-au-naturelle.com\/es\/2025\/03\/27\/alergia-a-la-base-de-maquillaje\/\" \/>\n<meta property=\"og:site_name\" content=\"Pause au Naturelle\" \/>\n<meta property=\"article:published_time\" content=\"2025-03-27T14:15:30+00:00\" \/>\n<meta property=\"article:modified_time\" content=\"2025-09-27T09:51:05+00:00\" \/>\n<meta property=\"og:image\" content=\"https:\/\/www.pause-au-naturelle.com\/wp-content\/uploads\/2025\/03\/Allergie-au-fond-de-teint.jpg\" \/>\n\t<meta property=\"og:image:width\" content=\"1100\" \/>\n\t<meta property=\"og:image:height\" content=\"578\" \/>\n\t<meta property=\"og:image:type\" content=\"image\/jpeg\" \/>\n<meta name=\"author\" content=\"Pause au naturelle\" \/>\n<meta name=\"twitter:card\" content=\"summary_large_image\" \/>\n<meta name=\"twitter:label1\" content=\"Escrito por\" \/>\n\t<meta name=\"twitter:data1\" content=\"Pause au naturelle\" \/>\n\t<meta name=\"twitter:label2\" content=\"Tiempo de lectura\" \/>\n\t<meta name=\"twitter:data2\" content=\"3 minutos\" \/>\n<script type=\"application\/ld+json\" class=\"yoast-schema-graph\">{\"@context\":\"https:\\\/\\\/schema.org\",\"@graph\":[{\"@type\":\"Article\",\"@id\":\"https:\\\/\\\/www.pause-au-naturelle.com\\\/2025\\\/03\\\/27\\\/allergie-au-fond-de-teint\\\/#article\",\"isPartOf\":{\"@id\":\"https:\\\/\\\/www.pause-au-naturelle.com\\\/2025\\\/03\\\/27\\\/allergie-au-fond-de-teint\\\/\"},\"author\":{\"name\":\"Pause au naturelle\",\"@id\":\"https:\\\/\\\/www.pause-au-naturelle.com\\\/#\\\/schema\\\/person\\\/8a6e5bbc38c727382c318184436321a0\"},\"headline\":\"Allergie au fond de teint : comment l&rsquo;identifier et la soulager ?\",\"datePublished\":\"2025-03-27T14:15:30+00:00\",\"dateModified\":\"2025-09-27T09:51:05+00:00\",\"mainEntityOfPage\":{\"@id\":\"https:\\\/\\\/www.pause-au-naturelle.com\\\/2025\\\/03\\\/27\\\/allergie-au-fond-de-teint\\\/\"},\"wordCount\":552,\"publisher\":{\"@id\":\"https:\\\/\\\/www.pause-au-naturelle.com\\\/#organization\"},\"image\":{\"@id\":\"https:\\\/\\\/www.pause-au-naturelle.com\\\/2025\\\/03\\\/27\\\/allergie-au-fond-de-teint\\\/#primaryimage\"},\"thumbnailUrl\":\"https:\\\/\\\/www.pause-au-naturelle.com\\\/wp-content\\\/uploads\\\/2025\\\/03\\\/Allergie-au-fond-de-teint.jpg\",\"articleSection\":[\"Aliments naturels\"],\"inLanguage\":\"es\"},{\"@type\":\"WebPage\",\"@id\":\"https:\\\/\\\/www.pause-au-naturelle.com\\\/2025\\\/03\\\/27\\\/allergie-au-fond-de-teint\\\/\",\"url\":\"https:\\\/\\\/www.pause-au-naturelle.com\\\/2025\\\/03\\\/27\\\/allergie-au-fond-de-teint\\\/\",\"name\":\"Allergie au fond de teint | Guide pratique sur le sujet\",\"isPartOf\":{\"@id\":\"https:\\\/\\\/www.pause-au-naturelle.com\\\/#website\"},\"primaryImageOfPage\":{\"@id\":\"https:\\\/\\\/www.pause-au-naturelle.com\\\/2025\\\/03\\\/27\\\/allergie-au-fond-de-teint\\\/#primaryimage\"},\"image\":{\"@id\":\"https:\\\/\\\/www.pause-au-naturelle.com\\\/2025\\\/03\\\/27\\\/allergie-au-fond-de-teint\\\/#primaryimage\"},\"thumbnailUrl\":\"https:\\\/\\\/www.pause-au-naturelle.com\\\/wp-content\\\/uploads\\\/2025\\\/03\\\/Allergie-au-fond-de-teint.jpg\",\"datePublished\":\"2025-03-27T14:15:30+00:00\",\"dateModified\":\"2025-09-27T09:51:05+00:00\",\"description\":\"Comment identifier une allergie au fond de teint et surtout, comment la g\u00e9rer efficacement ? Ici, d\u00e9couvrez notre guide sur le sujet !\",\"inLanguage\":\"es\",\"potentialAction\":[{\"@type\":\"ReadAction\",\"target\":[\"https:\\\/\\\/www.pause-au-naturelle.com\\\/2025\\\/03\\\/27\\\/allergie-au-fond-de-teint\\\/\"]}]},{\"@type\":\"ImageObject\",\"inLanguage\":\"es\",\"@id\":\"https:\\\/\\\/www.pause-au-naturelle.com\\\/2025\\\/03\\\/27\\\/allergie-au-fond-de-teint\\\/#primaryimage\",\"url\":\"https:\\\/\\\/www.pause-au-naturelle.com\\\/wp-content\\\/uploads\\\/2025\\\/03\\\/Allergie-au-fond-de-teint.jpg\",\"contentUrl\":\"https:\\\/\\\/www.pause-au-naturelle.com\\\/wp-content\\\/uploads\\\/2025\\\/03\\\/Allergie-au-fond-de-teint.jpg\",\"width\":1100,\"height\":578,\"caption\":\"Allergie au fond de teint\"},{\"@type\":\"WebSite\",\"@id\":\"https:\\\/\\\/www.pause-au-naturelle.com\\\/#website\",\"url\":\"https:\\\/\\\/www.pause-au-naturelle.com\\\/\",\"name\":\"Pause au Naturelle\",\"description\":\"\",\"publisher\":{\"@id\":\"https:\\\/\\\/www.pause-au-naturelle.com\\\/#organization\"},\"potentialAction\":[{\"@type\":\"SearchAction\",\"target\":{\"@type\":\"EntryPoint\",\"urlTemplate\":\"https:\\\/\\\/www.pause-au-naturelle.com\\\/?s={search_term_string}\"},\"query-input\":{\"@type\":\"PropertyValueSpecification\",\"valueRequired\":true,\"valueName\":\"search_term_string\"}}],\"inLanguage\":\"es\"},{\"@type\":\"Organization\",\"@id\":\"https:\\\/\\\/www.pause-au-naturelle.com\\\/#organization\",\"name\":\"Pause au naturelle\",\"url\":\"https:\\\/\\\/www.pause-au-naturelle.com\\\/\",\"logo\":{\"@type\":\"ImageObject\",\"inLanguage\":\"es\",\"@id\":\"https:\\\/\\\/www.pause-au-naturelle.com\\\/#\\\/schema\\\/logo\\\/image\\\/\",\"url\":\"https:\\\/\\\/www.pause-au-naturelle.com\\\/wp-content\\\/uploads\\\/2020\\\/06\\\/logo.png\",\"contentUrl\":\"https:\\\/\\\/www.pause-au-naturelle.com\\\/wp-content\\\/uploads\\\/2020\\\/06\\\/logo.png\",\"width\":250,\"height\":250,\"caption\":\"Pause au naturelle\"},\"image\":{\"@id\":\"https:\\\/\\\/www.pause-au-naturelle.com\\\/#\\\/schema\\\/logo\\\/image\\\/\"}},{\"@type\":\"Person\",\"@id\":\"https:\\\/\\\/www.pause-au-naturelle.com\\\/#\\\/schema\\\/person\\\/8a6e5bbc38c727382c318184436321a0\",\"name\":\"Pause au naturelle\",\"image\":{\"@type\":\"ImageObject\",\"inLanguage\":\"es\",\"@id\":\"https:\\\/\\\/secure.gravatar.com\\\/avatar\\\/2de2f9db297549ce305c8b0151c859e714b1db3894e06c8fa49291b83a622fc4?s=96&d=mm&r=g\",\"url\":\"https:\\\/\\\/secure.gravatar.com\\\/avatar\\\/2de2f9db297549ce305c8b0151c859e714b1db3894e06c8fa49291b83a622fc4?s=96&d=mm&r=g\",\"contentUrl\":\"https:\\\/\\\/secure.gravatar.com\\\/avatar\\\/2de2f9db297549ce305c8b0151c859e714b1db3894e06c8fa49291b83a622fc4?s=96&d=mm&r=g\",\"caption\":\"Pause au naturelle\"},\"url\":\"https:\\\/\\\/www.pause-au-naturelle.com\\\/es\\\/author\\\/najima\\\/\"}]}<\/script>\n<!-- \/ Yoast SEO plugin. -->","yoast_head_json":{"title":"Alergia a la base de maquillaje | Gu\u00eda pr\u00e1ctica sobre el tema","description":"\u00bfC\u00f3mo identificar una alergia a la base de maquillaje y, sobre todo, c\u00f3mo tratarla de forma eficaz? \u00a1Descubre aqu\u00ed nuestra gu\u00eda sobre el tema!","robots":{"index":"index","follow":"follow","max-snippet":"max-snippet:-1","max-image-preview":"max-image-preview:large","max-video-preview":"max-video-preview:-1"},"canonical":"https:\/\/www.pause-au-naturelle.com\/es\/2025\/03\/27\/alergia-a-la-base-de-maquillaje\/","og_locale":"es_ES","og_type":"article","og_title":"Allergie au fond de teint | Guide pratique sur le sujet","og_description":"Comment identifier une allergie au fond de teint et surtout, comment la g\u00e9rer efficacement ? Ici, d\u00e9couvrez notre guide sur le sujet !","og_url":"https:\/\/www.pause-au-naturelle.com\/es\/2025\/03\/27\/alergia-a-la-base-de-maquillaje\/","og_site_name":"Pause au Naturelle","article_published_time":"2025-03-27T14:15:30+00:00","article_modified_time":"2025-09-27T09:51:05+00:00","og_image":[{"width":1100,"height":578,"url":"https:\/\/www.pause-au-naturelle.com\/wp-content\/uploads\/2025\/03\/Allergie-au-fond-de-teint.jpg","type":"image\/jpeg"}],"author":"Pause au naturelle","twitter_card":"summary_large_image","twitter_misc":{"Escrito por":"Pause au naturelle","Tiempo de lectura":"3 minutos"},"schema":{"@context":"https:\/\/schema.org","@graph":[{"@type":"Article","@id":"https:\/\/www.pause-au-naturelle.com\/2025\/03\/27\/allergie-au-fond-de-teint\/#article","isPartOf":{"@id":"https:\/\/www.pause-au-naturelle.com\/2025\/03\/27\/allergie-au-fond-de-teint\/"},"author":{"name":"Pause au naturelle","@id":"https:\/\/www.pause-au-naturelle.com\/#\/schema\/person\/8a6e5bbc38c727382c318184436321a0"},"headline":"Allergie au fond de teint : comment l&rsquo;identifier et la soulager ?","datePublished":"2025-03-27T14:15:30+00:00","dateModified":"2025-09-27T09:51:05+00:00","mainEntityOfPage":{"@id":"https:\/\/www.pause-au-naturelle.com\/2025\/03\/27\/allergie-au-fond-de-teint\/"},"wordCount":552,"publisher":{"@id":"https:\/\/www.pause-au-naturelle.com\/#organization"},"image":{"@id":"https:\/\/www.pause-au-naturelle.com\/2025\/03\/27\/allergie-au-fond-de-teint\/#primaryimage"},"thumbnailUrl":"https:\/\/www.pause-au-naturelle.com\/wp-content\/uploads\/2025\/03\/Allergie-au-fond-de-teint.jpg","articleSection":["Aliments naturels"],"inLanguage":"es"},{"@type":"WebPage","@id":"https:\/\/www.pause-au-naturelle.com\/2025\/03\/27\/allergie-au-fond-de-teint\/","url":"https:\/\/www.pause-au-naturelle.com\/2025\/03\/27\/allergie-au-fond-de-teint\/","name":"Alergia a la base de maquillaje | Gu\u00eda pr\u00e1ctica sobre el tema","isPartOf":{"@id":"https:\/\/www.pause-au-naturelle.com\/#website"},"primaryImageOfPage":{"@id":"https:\/\/www.pause-au-naturelle.com\/2025\/03\/27\/allergie-au-fond-de-teint\/#primaryimage"},"image":{"@id":"https:\/\/www.pause-au-naturelle.com\/2025\/03\/27\/allergie-au-fond-de-teint\/#primaryimage"},"thumbnailUrl":"https:\/\/www.pause-au-naturelle.com\/wp-content\/uploads\/2025\/03\/Allergie-au-fond-de-teint.jpg","datePublished":"2025-03-27T14:15:30+00:00","dateModified":"2025-09-27T09:51:05+00:00","description":"\u00bfC\u00f3mo identificar una alergia a la base de maquillaje y, sobre todo, c\u00f3mo tratarla de forma eficaz? \u00a1Descubre aqu\u00ed nuestra gu\u00eda sobre el tema!","inLanguage":"es","potentialAction":[{"@type":"ReadAction","target":["https:\/\/www.pause-au-naturelle.com\/2025\/03\/27\/allergie-au-fond-de-teint\/"]}]},{"@type":"ImageObject","inLanguage":"es","@id":"https:\/\/www.pause-au-naturelle.com\/2025\/03\/27\/allergie-au-fond-de-teint\/#primaryimage","url":"https:\/\/www.pause-au-naturelle.com\/wp-content\/uploads\/2025\/03\/Allergie-au-fond-de-teint.jpg","contentUrl":"https:\/\/www.pause-au-naturelle.com\/wp-content\/uploads\/2025\/03\/Allergie-au-fond-de-teint.jpg","width":1100,"height":578,"caption":"Allergie au fond de teint"},{"@type":"WebSite","@id":"https:\/\/www.pause-au-naturelle.com\/#website","url":"https:\/\/www.pause-au-naturelle.com\/","name":"Pausa en la naturaleza","description":"","publisher":{"@id":"https:\/\/www.pause-au-naturelle.com\/#organization"},"potentialAction":[{"@type":"SearchAction","target":{"@type":"EntryPoint","urlTemplate":"https:\/\/www.pause-au-naturelle.com\/?s={search_term_string}"},"query-input":{"@type":"PropertyValueSpecification","valueRequired":true,"valueName":"search_term_string"}}],"inLanguage":"es"},{"@type":"Organization","@id":"https:\/\/www.pause-au-naturelle.com\/#organization","name":"Pausa al aire libre","url":"https:\/\/www.pause-au-naturelle.com\/","logo":{"@type":"ImageObject","inLanguage":"es","@id":"https:\/\/www.pause-au-naturelle.com\/#\/schema\/logo\/image\/","url":"https:\/\/www.pause-au-naturelle.com\/wp-content\/uploads\/2020\/06\/logo.png","contentUrl":"https:\/\/www.pause-au-naturelle.com\/wp-content\/uploads\/2020\/06\/logo.png","width":250,"height":250,"caption":"Pause au naturelle"},"image":{"@id":"https:\/\/www.pause-au-naturelle.com\/#\/schema\/logo\/image\/"}},{"@type":"Person","@id":"https:\/\/www.pause-au-naturelle.com\/#\/schema\/person\/8a6e5bbc38c727382c318184436321a0","name":"Pausa al aire libre","image":{"@type":"ImageObject","inLanguage":"es","@id":"https:\/\/secure.gravatar.com\/avatar\/2de2f9db297549ce305c8b0151c859e714b1db3894e06c8fa49291b83a622fc4?s=96&d=mm&r=g","url":"https:\/\/secure.gravatar.com\/avatar\/2de2f9db297549ce305c8b0151c859e714b1db3894e06c8fa49291b83a622fc4?s=96&d=mm&r=g","contentUrl":"https:\/\/secure.gravatar.com\/avatar\/2de2f9db297549ce305c8b0151c859e714b1db3894e06c8fa49291b83a622fc4?s=96&d=mm&r=g","caption":"Pause au naturelle"},"url":"https:\/\/www.pause-au-naturelle.com\/es\/author\/najima\/"}]}},"_links":{"self":[{"href":"https:\/\/www.pause-au-naturelle.com\/es\/wp-json\/wp\/v2\/posts\/13744","targetHints":{"allow":["GET"]}}],"collection":[{"href":"https:\/\/www.pause-au-naturelle.com\/es\/wp-json\/wp\/v2\/posts"}],"about":[{"href":"https:\/\/www.pause-au-naturelle.com\/es\/wp-json\/wp\/v2\/types\/post"}],"author":[{"embeddable":true,"href":"https:\/\/www.pause-au-naturelle.com\/es\/wp-json\/wp\/v2\/users\/1"}],"replies":[{"embeddable":true,"href":"https:\/\/www.pause-au-naturelle.com\/es\/wp-json\/wp\/v2\/comments?post=13744"}],"version-history":[{"count":1,"href":"https:\/\/www.pause-au-naturelle.com\/es\/wp-json\/wp\/v2\/posts\/13744\/revisions"}],"predecessor-version":[{"id":13746,"href":"https:\/\/www.pause-au-naturelle.com\/es\/wp-json\/wp\/v2\/posts\/13744\/revisions\/13746"}],"wp:featuredmedia":[{"embeddable":true,"href":"https:\/\/www.pause-au-naturelle.com\/es\/wp-json\/wp\/v2\/media\/13745"}],"wp:attachment":[{"href":"https:\/\/www.pause-au-naturelle.com\/es\/wp-json\/wp\/v2\/media?parent=13744"}],"wp:term":[{"taxonomy":"category","embeddable":true,"href":"https:\/\/www.pause-au-naturelle.com\/es\/wp-json\/wp\/v2\/categories?post=13744"},{"taxonomy":"post_tag","embeddable":true,"href":"https:\/\/www.pause-au-naturelle.com\/es\/wp-json\/wp\/v2\/tags?post=13744"}],"curies":[{"name":"wp","href":"https:\/\/api.w.org\/{rel}","templated":true}]}}