{"id":9938,"date":"2024-02-29T06:55:44","date_gmt":"2024-02-29T06:55:44","guid":{"rendered":"https:\/\/www.pause-au-naturelle.com\/?p=9938"},"modified":"2025-09-27T09:52:12","modified_gmt":"2025-09-27T09:52:12","slug":"sarna-del-perro","status":"publish","type":"post","link":"https:\/\/www.pause-au-naturelle.com\/es\/2024\/02\/29\/gale-du-chien\/","title":{"rendered":"Tratamiento natural eficaz contra la sarna canina"},"content":{"rendered":"<p>La sarna es una enfermedad de la piel que afecta a muchos perros debido a la infestaci\u00f3n por un par\u00e1sito. Se trata de una afecci\u00f3n muy extendida entre nuestros amigos de cuatro patas y puede causar graves problemas de salud si no se trata r\u00e1pida y adecuadamente. En este art\u00edculo, te presentaremos los&nbsp;<strong>tratamientos naturales eficaces<\/strong>&nbsp;para combatir la sarna canina.<\/p>\n\n\n\n<h2 class=\"wp-block-heading\"><strong>Comprender la sarna canina<\/strong><\/h2>\n\n\n\n<p>Antes de presentar los diferentes remedios naturales para tratar la sarna, es fundamental comprender qu\u00e9 es esta enfermedad y c\u00f3mo se manifiesta. La sarna est\u00e1 causada por \u00e1caros que infestan la piel del perro, provocando picor, enrojecimiento, costras y, en ocasiones, incluso la ca\u00edda del pelo.<\/p>\n\n\n\n<ol class=\"wp-block-list\">\n<li><strong>Sarcoptosis:<\/strong>&nbsp;Causada por el \u00e1caro Sarcoptes scabiei, afecta principalmente a las zonas sin pelo, como las orejas, el vientre y los codos. Se observa una inflamaci\u00f3n de la piel y un fuerte picor.<\/li>\n\n\n\n<li><strong>Sarna demod\u00e9cica:<\/strong>&nbsp;Esta forma de sarna se debe al \u00e1caro Demodex canis, que normalmente vive en los fol\u00edculos pilosos del perro. Cuando se produce una proliferaci\u00f3n, puede causar problemas cut\u00e1neos como placas rojas, ca\u00edda del pelo e inflamaci\u00f3n.<\/li>\n\n\n\n<li><strong>Sarna otod\u00e9ctica:<\/strong>&nbsp;El \u00e1caro Otodectes cynotis es el responsable de este tipo de sarna. Se manifiesta principalmente mediante irritaciones y costras en las orejas del perro.<\/li>\n<\/ol>\n\n\n\n<p><strong>El tratamiento de la sarna puede variar en funci\u00f3n de su causa y gravedad.<\/strong>&nbsp;Los remedios naturales que se presentan en este art\u00edculo pueden ser eficaces para aliviar los s\u00edntomas y combatir los \u00e1caros responsables de la sarna.<\/p>\n\n\n\n<h2 class=\"wp-block-heading\"><strong>Tratamiento natural: aceites esenciales contra la sarna canina<\/strong><\/h2>\n\n\n\n<ul class=\"wp-block-list\">\n<li><strong>Aceite esencial de lavanda<\/strong><\/li>\n<\/ul>\n\n\n\n<p>El aceite esencial de lavanda tiene propiedades antiparasitarias, antiinflamatorias y calmantes para la piel. Por lo tanto, puede ayudar a tratar la sarna y reducir el picor asociado a esta afecci\u00f3n. Puede preparar una mezcla con unas gotas de aceite esencial de lavanda y un aceite vegetal (<strong>como el aceite de oliva<\/strong>) para luego aplicarlo en las zonas afectadas por la sarna en el perro.<\/p>\n\n\n\n<ul class=\"wp-block-list\">\n<li><strong>Aceite esencial de \u00e1rbol de t\u00e9<\/strong><\/li>\n<\/ul>\n\n\n\n<p>Este aceite esencial tambi\u00e9n es conocido por sus propiedades antiparasitarias y antiinflamatorias. Por lo tanto, puede ayudar a eliminar los \u00e1caros responsables de la sarna y aliviar la picaz\u00f3n de su perro. Para utilizarlo, mezcle unas gotas de\u2019<strong>aceite esencial de \u00e1rbol de t\u00e9<\/strong> con un aceite vegetal y aplique regularmente la mezcla sobre las zonas afectadas por la sarna.<\/p>\n\n\n\n<p><strong>Atenci\u00f3n:<\/strong>&nbsp;Algunos aceites esenciales pueden irritar la piel de los animales. Aseg\u00farese siempre de diluir bien los aceites esenciales con un aceite vegetal antes de aplicarlos sobre la piel de su perro y consulte a un profesional para conocer las dosis adecuadas.<\/p>\n\n\n\n<h2 class=\"wp-block-heading\"><strong>Tratamiento natural: remedios caseros<\/strong><\/h2>\n\n\n\n<h3 class=\"wp-block-heading\">Vinagre de sidra<\/h3>\n\n\n\n<p>El vinagre de sidra es un remedio natural eficaz contra la sarna, ya que tiene propiedades antif\u00fangicas y antibacterianas que ayudan a combatir los par\u00e1sitos. Mezcla vinagre de sidra con agua a partes iguales y empapa un algod\u00f3n o una compresa con esta soluci\u00f3n para limpiar suavemente las zonas afectadas por la sarna en el perro. Repita este tratamiento varias veces a la semana hasta que mejore el estado de la piel.<\/p>\n\n\n\n<h3 class=\"wp-block-heading\">Ajo y aceite de oliva<\/h3>\n\n\n\n<p>El ajo tiene propiedades antimicrobianas y antiinflamatorias que pueden ayudar a tratar la sarna en los perros. Machaca unos dientes de ajo y m\u00e9zclalos con aceite de oliva para preparar un ung\u00fcento que se aplicar\u00e1 sobre las zonas afectadas. D\u00e9jalo actuar durante unas horas antes de limpiar suavemente la zona con un pa\u00f1o limpio y h\u00famedo.<\/p>\n\n\n\n<h2 class=\"wp-block-heading\"><strong>Tratamiento natural: complementos alimenticios contra la sarna canina<\/strong><\/h2>\n\n\n\n<p>Para reforzar el sistema inmunitario del perro y ayudarle a combatir la sarna, puede ser \u00fatil a\u00f1adir complementos alimenticios a su dieta diaria. <\/p>\n\n\n\n<p><strong>Estos son algunos ejemplos de complementos eficaces:<\/strong><\/p>\n\n\n\n<ul class=\"wp-block-list\">\n<li>Los omega 3, presentes en el aceite de pescado o el aceite de linaza, mejoran la salud de la piel y el pelaje de tu perro.<\/li>\n\n\n\n<li>La levadura de cerveza es rica en <strong><a href=\"https:\/\/www.pause-au-naturelle.com\/es\/2024\/02\/06\/vitaminas-naturales\/\">vitaminas B<\/a><\/strong> y prote\u00ednas, lo que favorece el buen funcionamiento del sistema inmunitario.<\/li>\n\n\n\n<li>Los probi\u00f3ticos pueden ayudar a restablecer el equilibrio de la flora intestinal y reforzar el sistema inmunitario.<\/li>\n<\/ul>\n\n\n\n<h3 class=\"wp-block-heading\"><strong>La \u00faltima palabra<\/strong><\/h3>\n\n\n\n<p>En resumen, existen diversas soluciones naturales para tratar eficazmente la sarna canina. Los aceites esenciales, los remedios caseros y los complementos alimenticios que se proponen en este art\u00edculo pueden ayudar a aliviar los s\u00edntomas y eliminar los par\u00e1sitos responsables de la sarna. <\/p>\n\n\n\n<p>Sin embargo, es importante consultar a un veterinario antes de utilizar estos tratamientos. Esto es para asegurarse de que son adecuados para su perro y que se adaptan a la causa espec\u00edfica de su sarna.<\/p>","protected":false},"excerpt":{"rendered":"<p>La gale est une maladie de la peau qui affecte de nombreux chiens en raison d&rsquo;une infestation par un parasite. Il s&rsquo;agit d&rsquo;une affection tr\u00e8s r\u00e9pandue chez nos compagnons \u00e0 quatre pattes et elle peut causer de s\u00e9rieux probl\u00e8mes de sant\u00e9 s&rsquo;ils ne sont pas trait\u00e9s rapidement et correctement. Dans cet article, nous vous pr\u00e9senterons [&#8230;]\n","protected":false},"author":1,"featured_media":9939,"comment_status":"closed","ping_status":"closed","sticky":false,"template":"","format":"standard","meta":{"footnotes":""},"categories":[70],"tags":[],"class_list":["post-9938","post","type-post","status-publish","format-standard","has-post-thumbnail","hentry","category-cosmetiques"],"yoast_head":"<!-- This site is optimized with the Yoast SEO plugin v27.5 - https:\/\/yoast.com\/product\/yoast-seo-wordpress\/ -->\n<title>Gale du chien | Zoom sur les traitements naturels efficaces<\/title>\n<meta name=\"description\" content=\"Dans cet article, nous vous pr\u00e9senterons les\u00a0traitements naturels efficaces\u00a0pour lutter contre la gale du chien.\" \/>\n<meta name=\"robots\" content=\"index, follow, max-snippet:-1, max-image-preview:large, max-video-preview:-1\" \/>\n<link rel=\"canonical\" href=\"https:\/\/www.pause-au-naturelle.com\/es\/2024\/02\/29\/sarna-del-perro\/\" \/>\n<meta property=\"og:locale\" content=\"es_ES\" \/>\n<meta property=\"og:type\" content=\"article\" \/>\n<meta property=\"og:title\" content=\"Gale du chien | Zoom sur les traitements naturels efficaces\" \/>\n<meta property=\"og:description\" content=\"Dans cet article, nous vous pr\u00e9senterons les\u00a0traitements naturels efficaces\u00a0pour lutter contre la gale du chien.\" \/>\n<meta property=\"og:url\" content=\"https:\/\/www.pause-au-naturelle.com\/es\/2024\/02\/29\/sarna-del-perro\/\" \/>\n<meta property=\"og:site_name\" content=\"Pause au Naturelle\" \/>\n<meta property=\"article:published_time\" content=\"2024-02-29T06:55:44+00:00\" \/>\n<meta property=\"article:modified_time\" content=\"2025-09-27T09:52:12+00:00\" \/>\n<meta property=\"og:image\" content=\"https:\/\/www.pause-au-naturelle.com\/wp-content\/uploads\/2024\/02\/Traitement-naturel-efficace-contre-la-gale-du-chien.jpg\" \/>\n\t<meta property=\"og:image:width\" content=\"1100\" \/>\n\t<meta property=\"og:image:height\" content=\"578\" \/>\n\t<meta property=\"og:image:type\" content=\"image\/jpeg\" \/>\n<meta name=\"author\" content=\"Pause au naturelle\" \/>\n<meta name=\"twitter:card\" content=\"summary_large_image\" \/>\n<meta name=\"twitter:label1\" content=\"Escrito por\" \/>\n\t<meta name=\"twitter:data1\" content=\"Pause au naturelle\" \/>\n\t<meta name=\"twitter:label2\" content=\"Tiempo de lectura\" \/>\n\t<meta name=\"twitter:data2\" content=\"4 minutos\" \/>\n<script type=\"application\/ld+json\" class=\"yoast-schema-graph\">{\"@context\":\"https:\\\/\\\/schema.org\",\"@graph\":[{\"@type\":\"Article\",\"@id\":\"https:\\\/\\\/www.pause-au-naturelle.com\\\/2024\\\/02\\\/29\\\/gale-du-chien\\\/#article\",\"isPartOf\":{\"@id\":\"https:\\\/\\\/www.pause-au-naturelle.com\\\/2024\\\/02\\\/29\\\/gale-du-chien\\\/\"},\"author\":{\"name\":\"Pause au naturelle\",\"@id\":\"https:\\\/\\\/www.pause-au-naturelle.com\\\/#\\\/schema\\\/person\\\/8a6e5bbc38c727382c318184436321a0\"},\"headline\":\"Traitement naturel efficace contre la gale du chien\",\"datePublished\":\"2024-02-29T06:55:44+00:00\",\"dateModified\":\"2025-09-27T09:52:12+00:00\",\"mainEntityOfPage\":{\"@id\":\"https:\\\/\\\/www.pause-au-naturelle.com\\\/2024\\\/02\\\/29\\\/gale-du-chien\\\/\"},\"wordCount\":883,\"publisher\":{\"@id\":\"https:\\\/\\\/www.pause-au-naturelle.com\\\/#organization\"},\"image\":{\"@id\":\"https:\\\/\\\/www.pause-au-naturelle.com\\\/2024\\\/02\\\/29\\\/gale-du-chien\\\/#primaryimage\"},\"thumbnailUrl\":\"https:\\\/\\\/www.pause-au-naturelle.com\\\/wp-content\\\/uploads\\\/2024\\\/02\\\/Traitement-naturel-efficace-contre-la-gale-du-chien.jpg\",\"articleSection\":[\"Cosm\u00e9tiques\"],\"inLanguage\":\"es\"},{\"@type\":\"WebPage\",\"@id\":\"https:\\\/\\\/www.pause-au-naturelle.com\\\/2024\\\/02\\\/29\\\/gale-du-chien\\\/\",\"url\":\"https:\\\/\\\/www.pause-au-naturelle.com\\\/2024\\\/02\\\/29\\\/gale-du-chien\\\/\",\"name\":\"Gale du chien | Zoom sur les traitements naturels efficaces\",\"isPartOf\":{\"@id\":\"https:\\\/\\\/www.pause-au-naturelle.com\\\/#website\"},\"primaryImageOfPage\":{\"@id\":\"https:\\\/\\\/www.pause-au-naturelle.com\\\/2024\\\/02\\\/29\\\/gale-du-chien\\\/#primaryimage\"},\"image\":{\"@id\":\"https:\\\/\\\/www.pause-au-naturelle.com\\\/2024\\\/02\\\/29\\\/gale-du-chien\\\/#primaryimage\"},\"thumbnailUrl\":\"https:\\\/\\\/www.pause-au-naturelle.com\\\/wp-content\\\/uploads\\\/2024\\\/02\\\/Traitement-naturel-efficace-contre-la-gale-du-chien.jpg\",\"datePublished\":\"2024-02-29T06:55:44+00:00\",\"dateModified\":\"2025-09-27T09:52:12+00:00\",\"description\":\"Dans cet article, nous vous pr\u00e9senterons les\u00a0traitements naturels efficaces\u00a0pour lutter contre la gale du chien.\",\"inLanguage\":\"es\",\"potentialAction\":[{\"@type\":\"ReadAction\",\"target\":[\"https:\\\/\\\/www.pause-au-naturelle.com\\\/2024\\\/02\\\/29\\\/gale-du-chien\\\/\"]}]},{\"@type\":\"ImageObject\",\"inLanguage\":\"es\",\"@id\":\"https:\\\/\\\/www.pause-au-naturelle.com\\\/2024\\\/02\\\/29\\\/gale-du-chien\\\/#primaryimage\",\"url\":\"https:\\\/\\\/www.pause-au-naturelle.com\\\/wp-content\\\/uploads\\\/2024\\\/02\\\/Traitement-naturel-efficace-contre-la-gale-du-chien.jpg\",\"contentUrl\":\"https:\\\/\\\/www.pause-au-naturelle.com\\\/wp-content\\\/uploads\\\/2024\\\/02\\\/Traitement-naturel-efficace-contre-la-gale-du-chien.jpg\",\"width\":1100,\"height\":578,\"caption\":\"Traitement naturel efficace contre la gale du chien\"},{\"@type\":\"WebSite\",\"@id\":\"https:\\\/\\\/www.pause-au-naturelle.com\\\/#website\",\"url\":\"https:\\\/\\\/www.pause-au-naturelle.com\\\/\",\"name\":\"Pause au Naturelle\",\"description\":\"\",\"publisher\":{\"@id\":\"https:\\\/\\\/www.pause-au-naturelle.com\\\/#organization\"},\"potentialAction\":[{\"@type\":\"SearchAction\",\"target\":{\"@type\":\"EntryPoint\",\"urlTemplate\":\"https:\\\/\\\/www.pause-au-naturelle.com\\\/?s={search_term_string}\"},\"query-input\":{\"@type\":\"PropertyValueSpecification\",\"valueRequired\":true,\"valueName\":\"search_term_string\"}}],\"inLanguage\":\"es\"},{\"@type\":\"Organization\",\"@id\":\"https:\\\/\\\/www.pause-au-naturelle.com\\\/#organization\",\"name\":\"Pause au naturelle\",\"url\":\"https:\\\/\\\/www.pause-au-naturelle.com\\\/\",\"logo\":{\"@type\":\"ImageObject\",\"inLanguage\":\"es\",\"@id\":\"https:\\\/\\\/www.pause-au-naturelle.com\\\/#\\\/schema\\\/logo\\\/image\\\/\",\"url\":\"https:\\\/\\\/www.pause-au-naturelle.com\\\/wp-content\\\/uploads\\\/2020\\\/06\\\/logo.png\",\"contentUrl\":\"https:\\\/\\\/www.pause-au-naturelle.com\\\/wp-content\\\/uploads\\\/2020\\\/06\\\/logo.png\",\"width\":250,\"height\":250,\"caption\":\"Pause au naturelle\"},\"image\":{\"@id\":\"https:\\\/\\\/www.pause-au-naturelle.com\\\/#\\\/schema\\\/logo\\\/image\\\/\"}},{\"@type\":\"Person\",\"@id\":\"https:\\\/\\\/www.pause-au-naturelle.com\\\/#\\\/schema\\\/person\\\/8a6e5bbc38c727382c318184436321a0\",\"name\":\"Pause au naturelle\",\"image\":{\"@type\":\"ImageObject\",\"inLanguage\":\"es\",\"@id\":\"https:\\\/\\\/secure.gravatar.com\\\/avatar\\\/2de2f9db297549ce305c8b0151c859e714b1db3894e06c8fa49291b83a622fc4?s=96&d=mm&r=g\",\"url\":\"https:\\\/\\\/secure.gravatar.com\\\/avatar\\\/2de2f9db297549ce305c8b0151c859e714b1db3894e06c8fa49291b83a622fc4?s=96&d=mm&r=g\",\"contentUrl\":\"https:\\\/\\\/secure.gravatar.com\\\/avatar\\\/2de2f9db297549ce305c8b0151c859e714b1db3894e06c8fa49291b83a622fc4?s=96&d=mm&r=g\",\"caption\":\"Pause au naturelle\"},\"url\":\"https:\\\/\\\/www.pause-au-naturelle.com\\\/es\\\/author\\\/najima\\\/\"}]}<\/script>\n<!-- \/ Yoast SEO plugin. -->","yoast_head_json":{"title":"Sarna canina | Zoom sobre los tratamientos naturales eficaces","description":"En este art\u00edculo, te presentaremos los tratamientos naturales eficaces para combatir la sarna canina.","robots":{"index":"index","follow":"follow","max-snippet":"max-snippet:-1","max-image-preview":"max-image-preview:large","max-video-preview":"max-video-preview:-1"},"canonical":"https:\/\/www.pause-au-naturelle.com\/es\/2024\/02\/29\/sarna-del-perro\/","og_locale":"es_ES","og_type":"article","og_title":"Gale du chien | Zoom sur les traitements naturels efficaces","og_description":"Dans cet article, nous vous pr\u00e9senterons les\u00a0traitements naturels efficaces\u00a0pour lutter contre la gale du chien.","og_url":"https:\/\/www.pause-au-naturelle.com\/es\/2024\/02\/29\/sarna-del-perro\/","og_site_name":"Pause au Naturelle","article_published_time":"2024-02-29T06:55:44+00:00","article_modified_time":"2025-09-27T09:52:12+00:00","og_image":[{"width":1100,"height":578,"url":"https:\/\/www.pause-au-naturelle.com\/wp-content\/uploads\/2024\/02\/Traitement-naturel-efficace-contre-la-gale-du-chien.jpg","type":"image\/jpeg"}],"author":"Pause au naturelle","twitter_card":"summary_large_image","twitter_misc":{"Escrito por":"Pause au naturelle","Tiempo de lectura":"4 minutos"},"schema":{"@context":"https:\/\/schema.org","@graph":[{"@type":"Article","@id":"https:\/\/www.pause-au-naturelle.com\/2024\/02\/29\/gale-du-chien\/#article","isPartOf":{"@id":"https:\/\/www.pause-au-naturelle.com\/2024\/02\/29\/gale-du-chien\/"},"author":{"name":"Pause au naturelle","@id":"https:\/\/www.pause-au-naturelle.com\/#\/schema\/person\/8a6e5bbc38c727382c318184436321a0"},"headline":"Traitement naturel efficace contre la gale du chien","datePublished":"2024-02-29T06:55:44+00:00","dateModified":"2025-09-27T09:52:12+00:00","mainEntityOfPage":{"@id":"https:\/\/www.pause-au-naturelle.com\/2024\/02\/29\/gale-du-chien\/"},"wordCount":883,"publisher":{"@id":"https:\/\/www.pause-au-naturelle.com\/#organization"},"image":{"@id":"https:\/\/www.pause-au-naturelle.com\/2024\/02\/29\/gale-du-chien\/#primaryimage"},"thumbnailUrl":"https:\/\/www.pause-au-naturelle.com\/wp-content\/uploads\/2024\/02\/Traitement-naturel-efficace-contre-la-gale-du-chien.jpg","articleSection":["Cosm\u00e9tiques"],"inLanguage":"es"},{"@type":"WebPage","@id":"https:\/\/www.pause-au-naturelle.com\/2024\/02\/29\/gale-du-chien\/","url":"https:\/\/www.pause-au-naturelle.com\/2024\/02\/29\/gale-du-chien\/","name":"Sarna canina | Zoom sobre los tratamientos naturales eficaces","isPartOf":{"@id":"https:\/\/www.pause-au-naturelle.com\/#website"},"primaryImageOfPage":{"@id":"https:\/\/www.pause-au-naturelle.com\/2024\/02\/29\/gale-du-chien\/#primaryimage"},"image":{"@id":"https:\/\/www.pause-au-naturelle.com\/2024\/02\/29\/gale-du-chien\/#primaryimage"},"thumbnailUrl":"https:\/\/www.pause-au-naturelle.com\/wp-content\/uploads\/2024\/02\/Traitement-naturel-efficace-contre-la-gale-du-chien.jpg","datePublished":"2024-02-29T06:55:44+00:00","dateModified":"2025-09-27T09:52:12+00:00","description":"En este art\u00edculo, te presentaremos los tratamientos naturales eficaces para combatir la sarna canina.","inLanguage":"es","potentialAction":[{"@type":"ReadAction","target":["https:\/\/www.pause-au-naturelle.com\/2024\/02\/29\/gale-du-chien\/"]}]},{"@type":"ImageObject","inLanguage":"es","@id":"https:\/\/www.pause-au-naturelle.com\/2024\/02\/29\/gale-du-chien\/#primaryimage","url":"https:\/\/www.pause-au-naturelle.com\/wp-content\/uploads\/2024\/02\/Traitement-naturel-efficace-contre-la-gale-du-chien.jpg","contentUrl":"https:\/\/www.pause-au-naturelle.com\/wp-content\/uploads\/2024\/02\/Traitement-naturel-efficace-contre-la-gale-du-chien.jpg","width":1100,"height":578,"caption":"Traitement naturel efficace contre la gale du chien"},{"@type":"WebSite","@id":"https:\/\/www.pause-au-naturelle.com\/#website","url":"https:\/\/www.pause-au-naturelle.com\/","name":"Pausa en la naturaleza","description":"","publisher":{"@id":"https:\/\/www.pause-au-naturelle.com\/#organization"},"potentialAction":[{"@type":"SearchAction","target":{"@type":"EntryPoint","urlTemplate":"https:\/\/www.pause-au-naturelle.com\/?s={search_term_string}"},"query-input":{"@type":"PropertyValueSpecification","valueRequired":true,"valueName":"search_term_string"}}],"inLanguage":"es"},{"@type":"Organization","@id":"https:\/\/www.pause-au-naturelle.com\/#organization","name":"Pausa al aire libre","url":"https:\/\/www.pause-au-naturelle.com\/","logo":{"@type":"ImageObject","inLanguage":"es","@id":"https:\/\/www.pause-au-naturelle.com\/#\/schema\/logo\/image\/","url":"https:\/\/www.pause-au-naturelle.com\/wp-content\/uploads\/2020\/06\/logo.png","contentUrl":"https:\/\/www.pause-au-naturelle.com\/wp-content\/uploads\/2020\/06\/logo.png","width":250,"height":250,"caption":"Pause au naturelle"},"image":{"@id":"https:\/\/www.pause-au-naturelle.com\/#\/schema\/logo\/image\/"}},{"@type":"Person","@id":"https:\/\/www.pause-au-naturelle.com\/#\/schema\/person\/8a6e5bbc38c727382c318184436321a0","name":"Pausa al aire libre","image":{"@type":"ImageObject","inLanguage":"es","@id":"https:\/\/secure.gravatar.com\/avatar\/2de2f9db297549ce305c8b0151c859e714b1db3894e06c8fa49291b83a622fc4?s=96&d=mm&r=g","url":"https:\/\/secure.gravatar.com\/avatar\/2de2f9db297549ce305c8b0151c859e714b1db3894e06c8fa49291b83a622fc4?s=96&d=mm&r=g","contentUrl":"https:\/\/secure.gravatar.com\/avatar\/2de2f9db297549ce305c8b0151c859e714b1db3894e06c8fa49291b83a622fc4?s=96&d=mm&r=g","caption":"Pause au naturelle"},"url":"https:\/\/www.pause-au-naturelle.com\/es\/author\/najima\/"}]}},"_links":{"self":[{"href":"https:\/\/www.pause-au-naturelle.com\/es\/wp-json\/wp\/v2\/posts\/9938","targetHints":{"allow":["GET"]}}],"collection":[{"href":"https:\/\/www.pause-au-naturelle.com\/es\/wp-json\/wp\/v2\/posts"}],"about":[{"href":"https:\/\/www.pause-au-naturelle.com\/es\/wp-json\/wp\/v2\/types\/post"}],"author":[{"embeddable":true,"href":"https:\/\/www.pause-au-naturelle.com\/es\/wp-json\/wp\/v2\/users\/1"}],"replies":[{"embeddable":true,"href":"https:\/\/www.pause-au-naturelle.com\/es\/wp-json\/wp\/v2\/comments?post=9938"}],"version-history":[{"count":1,"href":"https:\/\/www.pause-au-naturelle.com\/es\/wp-json\/wp\/v2\/posts\/9938\/revisions"}],"predecessor-version":[{"id":9940,"href":"https:\/\/www.pause-au-naturelle.com\/es\/wp-json\/wp\/v2\/posts\/9938\/revisions\/9940"}],"wp:featuredmedia":[{"embeddable":true,"href":"https:\/\/www.pause-au-naturelle.com\/es\/wp-json\/wp\/v2\/media\/9939"}],"wp:attachment":[{"href":"https:\/\/www.pause-au-naturelle.com\/es\/wp-json\/wp\/v2\/media?parent=9938"}],"wp:term":[{"taxonomy":"category","embeddable":true,"href":"https:\/\/www.pause-au-naturelle.com\/es\/wp-json\/wp\/v2\/categories?post=9938"},{"taxonomy":"post_tag","embeddable":true,"href":"https:\/\/www.pause-au-naturelle.com\/es\/wp-json\/wp\/v2\/tags?post=9938"}],"curies":[{"name":"wp","href":"https:\/\/api.w.org\/{rel}","templated":true}]}}