{"id":15935,"date":"2025-10-03T10:38:48","date_gmt":"2025-10-03T10:38:48","guid":{"rendered":"https:\/\/www.pause-au-naturelle.com\/?p=15935"},"modified":"2025-10-03T10:41:34","modified_gmt":"2025-10-03T10:41:34","slug":"rimuovere-i-peli-dal-naso-in-modo-naturale","status":"publish","type":"post","link":"https:\/\/www.pause-au-naturelle.com\/it\/2025\/10\/03\/enlever-les-poils-du-nez-naturellement\/","title":{"rendered":"Come rimuovere i peli dal naso in modo naturale e sicuro"},"content":{"rendered":"<div class=\"row\"  id=\"row-511328834\">\n\n\n\t<div id=\"col-2074294017\" class=\"col small-12 large-12\"  >\n\t\t\t\t<div class=\"col-inner\"  >\n\t\t\t\n\t\t\t\n\n<p><strong>I peli del naso<\/strong> svolgono un ruolo cruciale nella <strong>protezione delle vie respiratorie<\/strong>. Filtrano efficacemente la polvere, gli allergeni e altre particelle presenti nell'aria. Tuttavia, il loro aspetto pu\u00f2 talvolta diventare <strong>fastidioso o antiestetico<\/strong>, soprattutto quando sporgono in modo evidente. Molti desiderano quindi ridurne la presenza senza ricorrere a metodi aggressivi. Esistono diversi <strong>soluzioni naturali<\/strong>, ma \u00e8 fondamentale privilegiare la <strong>sicurezza e igiene<\/strong> durante la depilazione o il taglio per evitare irritazioni e infezioni.<\/p>\n<h2>Perch\u00e9 preferire metodi naturali per rimuovere i peli dal naso?<\/h2>\n<p>Optare per <strong>metodi naturali<\/strong> presenta diversi vantaggi innegabili. Innanzitutto, queste tecniche riducono al minimo il rischio di danni interni causati da <strong>prodotti chimici aggressivi<\/strong> o strumenti non adeguati. Inoltre, preservano una <strong>mucosa nasale sana<\/strong> grazie a una manipolazione delicata che rispetta la sensibilit\u00e0 di questa zona delicata.<\/p>\n<p>Evitando prodotti aggressivi contribuisci anche a mantenere il <strong>ruolo protettivo dei peli nasali<\/strong>, riducendo il rischio di infezioni e allergie. Prediligere gesti delicati consente una manutenzione regolare e riduce la comparsa di <strong>peli antiestetici<\/strong>, senza traumatizzare la pelle n\u00e9 provocare tagli dolorosi. Se desiderate approfondire la scelta dei vostri trattamenti, l'uso di prodotti derivati da <a href=\"https:\/\/www.pause-au-naturelle.com\/it\/\">cosmetici naturali<\/a> pu\u00f2 completare delicatamente la tua routine di bellezza.<\/p>\n<h2>Quali strumenti scegliere per tagliare i peli del naso?<\/h2>\n<p>La scelta dello strumento \u00e8 determinante per eliminare i <strong>peli fastidiosi<\/strong> garantendo al contempo <strong>comfort e sicurezza<\/strong>. L'uso di accessori specifici limita le lesioni e garantisce un risultato naturale e discreto.<\/p>\n<ul>\n<li><strong>Forbici con punte arrotondate<\/strong> appositamente progettati per la cura nasale<\/li>\n<li><strong>Tagliacapelli sottile<\/strong> dedicata al taglio preciso senza contatto diretto con la pelle<\/li>\n<li><strong>Pinzette<\/strong> riservate ad un uso molto occasionale solo su alcuni peli ribelli<\/li>\n<\/ul>\n<p>L'uso di <strong>forbici adatte<\/strong> consente di tagliare solo la parte in eccesso visibile senza strappare completamente i bulbi, preservando cos\u00ec la funzione naturale di filtro. La <strong>tagliacapelli nasale<\/strong> rimane un'alternativa moderna, veloce e facile da usare per mantenere regolarmente la lunghezza dei capelli. E per regalare o ricevere l'attrezzatura adatta alla cura naturale, non esitate a consultare i suggerimenti di regali orientati al benessere per unire praticit\u00e0 e piacere.<\/p>\n<h2>Precauzioni da adottare per garantire sicurezza e igiene durante la manutenzione<\/h2>\n<h3>Come preparare correttamente gli strumenti?<\/h3>\n<p>L\u2019<strong>igiene<\/strong> \u00e8 fondamentale durante l\u2019<a href=\"https:\/\/www.pause-au-naturelle.com\/it\/product-category\/cera-orientale\/\"><strong>depilazione<\/strong><\/a> o della <strong>taglio dei peli del naso<\/strong>. Pulire sistematicamente <strong>forbici<\/strong>, pinze o <strong>tosaerba<\/strong> prima di ogni utilizzo riduce notevolmente il rischio di introdurre batteri ed evita spiacevoli infezioni locali.<\/p>\n<p>Per rafforzare la <strong>sicurezza<\/strong>, si consiglia di disinfettare gli strumenti con alcool a 70\u00b0 e di lavarsi bene le mani prima di iniziare. Alcune persone preferiscono addirittura indossare dei <strong>guanti monouso<\/strong> al fine di limitare ogni possibile contaminazione.<\/p>\n<h3>Quali precauzioni occorre prendere durante il taglio o la depilazione?<\/h3>\n<p>\u00c8 preferibile posizionarsi davanti a uno specchio ben illuminato per distinguere chiaramente le zone da trattare. Eseguire i movimenti <strong>lenti e precisi<\/strong> e non inserire mai profondamente i <strong>forbici<\/strong> o altri strumenti nel naso protegge dalle lesioni e rispetta la mucosa fragile.<\/p>\n<p>In caso di piccolo sanguinamento, \u00e8 generalmente sufficiente sciacquare con acqua pulita e applicare un batuffolo di cotone pulito fino a quando l'emorragia non si ferma completamente. Tuttavia, in caso di <strong>taglio profondo<\/strong> o dolori persistenti, \u00e8 opportuno consultare un medico per prevenire eventuali complicazioni.<\/p>\n<h2>Quale metodo naturale privilegiare per gestire i peli superflui?<\/h2>\n<h3>Taglio delicato con le forbici: semplicit\u00e0 ed efficacia<\/h3>\n<p>La <strong>taglio dei peli del naso<\/strong> con l'aiuto di <strong>forbici rotonde<\/strong> \u00e8 il metodo pi\u00f9 diffuso e sicuro. Questa tecnica evita di toccare le radici e rimuove principalmente le estremit\u00e0 visibili, offrendo un risultato netto, discreto e immediato.<\/p>\n<p>Questo intervento richiede poco tempo, \u00e8 indolore e rispetta perfettamente la configurazione interna del naso. Si consiglia di procedere su <strong>pelle secca<\/strong> e lavorare su piccole sezioni per ottenere una maggiore precisione.<\/p>\n<h3>Tosaerba elettrico: rapidit\u00e0 e comfort d'uso<\/h3>\n<p>La <strong>tagliacapelli nasale<\/strong> affascina per la sua praticit\u00e0 e la sua ergonomia adeguata. Grazie alle sue punte specifiche, taglia i <strong>peli antiestetici<\/strong> senza contatto diretto con la pelle. Questo strumento \u00e8 ideale per un uso frequente ed \u00e8 apprezzato perch\u00e9 limita la ricrescita troppo rapida o disordinata.<\/p>\n<p>Ricordatevi di <strong>disinfettare<\/strong> il tosaerba dopo ogni utilizzo e pulire regolarmente la testina di taglio per garantire una <strong>buona igiene<\/strong>.<\/p>\n<h3>Depilazione con ceretta o nose waxing: attenzione ai rischi<\/h3>\n<p>L\u2019<strong>depilazione con ceretta<\/strong> (nota anche come \u00abceretta del naso\u00bb) sta diventando sempre pi\u00f9 popolare come metodo di lunga durata per eliminare <strong>peli del naso<\/strong>. Questa tecnica consiste nell'applicare della cera tiepida all'ingresso della narice, quindi rimuovere delicatamente i peli superflui.<\/p>\n<p>Nonostante la sua efficacia temporanea, questo metodo deve essere riservato a persone esperte o eseguito da professionisti, poich\u00e9 espone maggiormente a <strong>irritazioni o infiammazioni<\/strong>. Una rigorosa igiene e un follow-up post-depilazione sono essenziali per limitare le complicazioni.<\/p>\n<h3>Metodi naturali alternativi ed errori da evitare<\/h3>\n<p>Per chi desidera davvero limitare qualsiasi intervento diretto, esistono alcuni accorgimenti che consentono di rallentare la crescita o rendere i peli meno visibili. L'applicazione locale di\u2019<strong>olio di cocco<\/strong> o di\u2019<strong>aloe vera<\/strong> lenisce la pelle dopo il taglio, idrata la mucosa e riduce il fastidio.<\/p>\n<p>Al contrario, l'uso di <strong>creme depilatorie<\/strong> \u2013 anche quelle definite \u201cnaturali\u201d \u2013 \u00e8 fortemente sconsigliato all'interno del naso a causa del rischio di ustioni chimiche. \u00c8 sempre preferibile privilegiare un'azione meccanica delicata con <strong>strumenti sterili<\/strong> piuttosto che prodotti aggressivi difficili da controllare.<\/p>\n<h2>Domande frequenti sulla cura e la depilazione naturale dei peli del naso<\/h2>\n<div itemscope=\"\" itemtype=\"https:\/\/schema.org\/FAQPage\">\n<div itemprop=\"mainEntity\" itemscope=\"\" itemtype=\"https:\/\/schema.org\/Question\">\n<h3 itemprop=\"name\">\u00c8 pericoloso rimuovere tutti i peli dal naso?<\/h3>\n<div itemprop=\"acceptedAnswer\" itemscope=\"\" itemtype=\"https:\/\/schema.org\/Answer\">\n<div itemprop=\"text\">\n<p>Rimuovere completamente i <strong>peli del naso<\/strong> aumenta notevolmente il rischio di infezioni e allergie, poich\u00e9 fungono da <strong>barriera naturale<\/strong>. \u00c8 quindi preferibile accorciare o rimuovere solo i peli pi\u00f9 visibili, in modo da preservarne la funzione di filtro.<\/p>\n<ul>\n<li>Conserva la maggior parte dei peli all'interno<\/li>\n<li>Non ricorrere a tecniche invasive come la depilazione integrale.<\/li>\n<\/ul>\n<\/div>\n<\/div>\n<\/div>\n<div itemprop=\"mainEntity\" itemscope=\"\" itemtype=\"https:\/\/schema.org\/Question\">\n<h3 itemprop=\"name\">Con quale frequenza tagliare i peli del naso?<\/h3>\n<div itemprop=\"acceptedAnswer\" itemscope=\"\" itemtype=\"https:\/\/schema.org\/Answer\">\n<div itemprop=\"text\">\n<p>Manutenzione dei <strong>peli del naso<\/strong> Di solito \u00e8 sufficiente tagliarli ogni due o tre settimane per mantenerli in ordine. Per alcuni, a seconda della velocit\u00e0 di crescita individuale, pu\u00f2 essere sufficiente un taglio mensile.<\/p>\n<table>\n<tbody>\n<tr>\n<th>Frequenza consigliata<\/th>\n<th>Vantaggio<\/th>\n<\/tr>\n<tr>\n<td>Ogni 2-3 settimane<\/td>\n<td>Aspetto curato, discrezione<\/td>\n<\/tr>\n<tr>\n<td>Ogni mese<\/td>\n<td>Facile manutenzione, meno manipolazioni<\/td>\n<\/tr>\n<\/tbody>\n<\/table>\n<\/div>\n<\/div>\n<\/div>\n<div itemprop=\"mainEntity\" itemscope=\"\" itemtype=\"https:\/\/schema.org\/Question\">\n<h3 itemprop=\"name\">Si pu\u00f2 usare una crema depilatoria per rimuovere i peli dal naso?<\/h3>\n<div itemprop=\"acceptedAnswer\" itemscope=\"\" itemtype=\"https:\/\/schema.org\/Answer\">\n<div itemprop=\"text\">\n<p>I <strong>creme depilatorie<\/strong> sono da evitare all'interno del naso, anche se la loro formula sembra delicata o naturale. Questo tipo di prodotto pu\u00f2 causare <strong>bruciature o irritazioni gravi<\/strong> sulla mucosa nasale estremamente sensibile.<\/p>\n<ul>\n<li>Privilegiate una <strong>taglio meccanico delicato<\/strong><\/li>\n<li>Evitare il contatto prolungato con prodotti chimici.<\/li>\n<\/ul>\n<\/div>\n<\/div>\n<\/div>\n<div itemprop=\"mainEntity\" itemscope=\"\" itemtype=\"https:\/\/schema.org\/Question\">\n<h3 itemprop=\"name\">Quali misure adottare per limitare la comparsa dei peli superflui?<\/h3>\n<div itemprop=\"acceptedAnswer\" itemscope=\"\" itemtype=\"https:\/\/schema.org\/Answer\">\n<div itemprop=\"text\">\n<p>Una buona routine di\u2019<strong>igiene<\/strong> e un'alimentazione varia possono ridurre l'insorgenza di <strong>peli antiestetici<\/strong>. Prendersi cura della zona con tagli regolari, all\u2019<strong>idratazione<\/strong> e ad uso esclusivo di\u2019<strong>strumenti propri<\/strong> garantisce una manutenzione ottimale.<\/p>\n<ul>\n<li>Utilizzare <strong>strumenti sterili<\/strong> per il taglio<\/li>\n<li>Idratare dopo il taglio, se necessario.<\/li>\n<li>Prenditi cura della tua igiene generale<\/li>\n<\/ul>\n<\/div>\n<\/div>\n<\/div>\n<\/div>\n\n\n\t\t<\/div>\n\t\t\t\t\t<\/div>\n\n\t\n\n<\/div>","protected":false},"excerpt":{"rendered":"","protected":false},"author":1,"featured_media":15936,"comment_status":"closed","ping_status":"closed","sticky":false,"template":"","format":"standard","meta":{"footnotes":""},"categories":[1],"tags":[],"class_list":["post-15935","post","type-post","status-publish","format-standard","has-post-thumbnail","hentry","category-aliments-naturels"],"yoast_head":"<!-- This site is optimized with the Yoast SEO plugin v27.3 - https:\/\/yoast.com\/product\/yoast-seo-wordpress\/ -->\n<title>Enlever les poils du nez naturellement et en s\u00e9curit\u00e9<\/title>\n<meta name=\"description\" content=\"D\u00e9couvrez comment enlever les poils du nez naturellement. Adoptez des m\u00e9thodes s\u00fbres et efficaces pour une hygi\u00e8ne optimale.\" \/>\n<meta name=\"robots\" content=\"index, follow, max-snippet:-1, max-image-preview:large, max-video-preview:-1\" \/>\n<link rel=\"canonical\" href=\"https:\/\/www.pause-au-naturelle.com\/it\/2025\/10\/03\/rimuovere-i-peli-dal-naso-in-modo-naturale\/\" \/>\n<meta property=\"og:locale\" content=\"it_IT\" \/>\n<meta property=\"og:type\" content=\"article\" \/>\n<meta property=\"og:title\" content=\"Enlever les poils du nez naturellement et en s\u00e9curit\u00e9\" \/>\n<meta property=\"og:description\" content=\"D\u00e9couvrez comment enlever les poils du nez naturellement. Adoptez des m\u00e9thodes s\u00fbres et efficaces pour une hygi\u00e8ne optimale.\" \/>\n<meta property=\"og:url\" content=\"https:\/\/www.pause-au-naturelle.com\/it\/2025\/10\/03\/rimuovere-i-peli-dal-naso-in-modo-naturale\/\" \/>\n<meta property=\"og:site_name\" content=\"Pause au Naturelle\" \/>\n<meta property=\"article:published_time\" content=\"2025-10-03T10:38:48+00:00\" \/>\n<meta property=\"article:modified_time\" content=\"2025-10-03T10:41:34+00:00\" \/>\n<meta property=\"og:image\" content=\"https:\/\/www.pause-au-naturelle.com\/wp-content\/uploads\/2025\/10\/enlever-les-poils-du-nez-naturellement.jpg\" \/>\n\t<meta property=\"og:image:width\" content=\"1100\" \/>\n\t<meta property=\"og:image:height\" content=\"578\" \/>\n\t<meta property=\"og:image:type\" content=\"image\/jpeg\" \/>\n<meta name=\"author\" content=\"Pause au naturelle\" \/>\n<meta name=\"twitter:card\" content=\"summary_large_image\" \/>\n<meta name=\"twitter:label1\" content=\"Scritto da\" \/>\n\t<meta name=\"twitter:data1\" content=\"Pause au naturelle\" \/>\n\t<meta name=\"twitter:label2\" content=\"Tempo di lettura stimato\" \/>\n\t<meta name=\"twitter:data2\" content=\"8 minuti\" \/>\n<script type=\"application\/ld+json\" class=\"yoast-schema-graph\">{\"@context\":\"https:\\\/\\\/schema.org\",\"@graph\":[{\"@type\":\"Article\",\"@id\":\"https:\\\/\\\/www.pause-au-naturelle.com\\\/2025\\\/10\\\/03\\\/enlever-les-poils-du-nez-naturellement\\\/#article\",\"isPartOf\":{\"@id\":\"https:\\\/\\\/www.pause-au-naturelle.com\\\/2025\\\/10\\\/03\\\/enlever-les-poils-du-nez-naturellement\\\/\"},\"author\":{\"name\":\"Pause au naturelle\",\"@id\":\"https:\\\/\\\/www.pause-au-naturelle.com\\\/#\\\/schema\\\/person\\\/8a6e5bbc38c727382c318184436321a0\"},\"headline\":\"Comment enlever les poils du nez naturellement et en toute s\u00e9curit\u00e9\",\"datePublished\":\"2025-10-03T10:38:48+00:00\",\"dateModified\":\"2025-10-03T10:41:34+00:00\",\"mainEntityOfPage\":{\"@id\":\"https:\\\/\\\/www.pause-au-naturelle.com\\\/2025\\\/10\\\/03\\\/enlever-les-poils-du-nez-naturellement\\\/\"},\"wordCount\":1684,\"publisher\":{\"@id\":\"https:\\\/\\\/www.pause-au-naturelle.com\\\/#organization\"},\"image\":{\"@id\":\"https:\\\/\\\/www.pause-au-naturelle.com\\\/2025\\\/10\\\/03\\\/enlever-les-poils-du-nez-naturellement\\\/#primaryimage\"},\"thumbnailUrl\":\"https:\\\/\\\/www.pause-au-naturelle.com\\\/wp-content\\\/uploads\\\/2025\\\/10\\\/enlever-les-poils-du-nez-naturellement.jpg\",\"articleSection\":[\"Aliments naturels\"],\"inLanguage\":\"it-IT\"},{\"@type\":\"WebPage\",\"@id\":\"https:\\\/\\\/www.pause-au-naturelle.com\\\/2025\\\/10\\\/03\\\/enlever-les-poils-du-nez-naturellement\\\/\",\"url\":\"https:\\\/\\\/www.pause-au-naturelle.com\\\/2025\\\/10\\\/03\\\/enlever-les-poils-du-nez-naturellement\\\/\",\"name\":\"Enlever les poils du nez naturellement et en s\u00e9curit\u00e9\",\"isPartOf\":{\"@id\":\"https:\\\/\\\/www.pause-au-naturelle.com\\\/#website\"},\"primaryImageOfPage\":{\"@id\":\"https:\\\/\\\/www.pause-au-naturelle.com\\\/2025\\\/10\\\/03\\\/enlever-les-poils-du-nez-naturellement\\\/#primaryimage\"},\"image\":{\"@id\":\"https:\\\/\\\/www.pause-au-naturelle.com\\\/2025\\\/10\\\/03\\\/enlever-les-poils-du-nez-naturellement\\\/#primaryimage\"},\"thumbnailUrl\":\"https:\\\/\\\/www.pause-au-naturelle.com\\\/wp-content\\\/uploads\\\/2025\\\/10\\\/enlever-les-poils-du-nez-naturellement.jpg\",\"datePublished\":\"2025-10-03T10:38:48+00:00\",\"dateModified\":\"2025-10-03T10:41:34+00:00\",\"description\":\"D\u00e9couvrez comment enlever les poils du nez naturellement. Adoptez des m\u00e9thodes s\u00fbres et efficaces pour une hygi\u00e8ne optimale.\",\"inLanguage\":\"it-IT\",\"potentialAction\":[{\"@type\":\"ReadAction\",\"target\":[\"https:\\\/\\\/www.pause-au-naturelle.com\\\/2025\\\/10\\\/03\\\/enlever-les-poils-du-nez-naturellement\\\/\"]}]},{\"@type\":\"ImageObject\",\"inLanguage\":\"it-IT\",\"@id\":\"https:\\\/\\\/www.pause-au-naturelle.com\\\/2025\\\/10\\\/03\\\/enlever-les-poils-du-nez-naturellement\\\/#primaryimage\",\"url\":\"https:\\\/\\\/www.pause-au-naturelle.com\\\/wp-content\\\/uploads\\\/2025\\\/10\\\/enlever-les-poils-du-nez-naturellement.jpg\",\"contentUrl\":\"https:\\\/\\\/www.pause-au-naturelle.com\\\/wp-content\\\/uploads\\\/2025\\\/10\\\/enlever-les-poils-du-nez-naturellement.jpg\",\"width\":1100,\"height\":578,\"caption\":\"Enlever les poils du nez naturellement\"},{\"@type\":\"WebSite\",\"@id\":\"https:\\\/\\\/www.pause-au-naturelle.com\\\/#website\",\"url\":\"https:\\\/\\\/www.pause-au-naturelle.com\\\/\",\"name\":\"Pause au Naturelle\",\"description\":\"\",\"publisher\":{\"@id\":\"https:\\\/\\\/www.pause-au-naturelle.com\\\/#organization\"},\"potentialAction\":[{\"@type\":\"SearchAction\",\"target\":{\"@type\":\"EntryPoint\",\"urlTemplate\":\"https:\\\/\\\/www.pause-au-naturelle.com\\\/?s={search_term_string}\"},\"query-input\":{\"@type\":\"PropertyValueSpecification\",\"valueRequired\":true,\"valueName\":\"search_term_string\"}}],\"inLanguage\":\"it-IT\"},{\"@type\":\"Organization\",\"@id\":\"https:\\\/\\\/www.pause-au-naturelle.com\\\/#organization\",\"name\":\"Pause au naturelle\",\"url\":\"https:\\\/\\\/www.pause-au-naturelle.com\\\/\",\"logo\":{\"@type\":\"ImageObject\",\"inLanguage\":\"it-IT\",\"@id\":\"https:\\\/\\\/www.pause-au-naturelle.com\\\/#\\\/schema\\\/logo\\\/image\\\/\",\"url\":\"https:\\\/\\\/www.pause-au-naturelle.com\\\/wp-content\\\/uploads\\\/2020\\\/06\\\/logo.png\",\"contentUrl\":\"https:\\\/\\\/www.pause-au-naturelle.com\\\/wp-content\\\/uploads\\\/2020\\\/06\\\/logo.png\",\"width\":250,\"height\":250,\"caption\":\"Pause au naturelle\"},\"image\":{\"@id\":\"https:\\\/\\\/www.pause-au-naturelle.com\\\/#\\\/schema\\\/logo\\\/image\\\/\"}},{\"@type\":\"Person\",\"@id\":\"https:\\\/\\\/www.pause-au-naturelle.com\\\/#\\\/schema\\\/person\\\/8a6e5bbc38c727382c318184436321a0\",\"name\":\"Pause au naturelle\",\"image\":{\"@type\":\"ImageObject\",\"inLanguage\":\"it-IT\",\"@id\":\"https:\\\/\\\/secure.gravatar.com\\\/avatar\\\/2de2f9db297549ce305c8b0151c859e714b1db3894e06c8fa49291b83a622fc4?s=96&d=mm&r=g\",\"url\":\"https:\\\/\\\/secure.gravatar.com\\\/avatar\\\/2de2f9db297549ce305c8b0151c859e714b1db3894e06c8fa49291b83a622fc4?s=96&d=mm&r=g\",\"contentUrl\":\"https:\\\/\\\/secure.gravatar.com\\\/avatar\\\/2de2f9db297549ce305c8b0151c859e714b1db3894e06c8fa49291b83a622fc4?s=96&d=mm&r=g\",\"caption\":\"Pause au naturelle\"},\"url\":\"https:\\\/\\\/www.pause-au-naturelle.com\\\/it\\\/author\\\/najima\\\/\"}]}<\/script>\n<!-- \/ Yoast SEO plugin. -->","yoast_head_json":{"title":"Rimuovere i peli dal naso in modo naturale e sicuro","description":"Scopri come rimuovere i peli dal naso in modo naturale. Adotta metodi sicuri ed efficaci per un'igiene ottimale.","robots":{"index":"index","follow":"follow","max-snippet":"max-snippet:-1","max-image-preview":"max-image-preview:large","max-video-preview":"max-video-preview:-1"},"canonical":"https:\/\/www.pause-au-naturelle.com\/it\/2025\/10\/03\/rimuovere-i-peli-dal-naso-in-modo-naturale\/","og_locale":"it_IT","og_type":"article","og_title":"Enlever les poils du nez naturellement et en s\u00e9curit\u00e9","og_description":"D\u00e9couvrez comment enlever les poils du nez naturellement. Adoptez des m\u00e9thodes s\u00fbres et efficaces pour une hygi\u00e8ne optimale.","og_url":"https:\/\/www.pause-au-naturelle.com\/it\/2025\/10\/03\/rimuovere-i-peli-dal-naso-in-modo-naturale\/","og_site_name":"Pause au Naturelle","article_published_time":"2025-10-03T10:38:48+00:00","article_modified_time":"2025-10-03T10:41:34+00:00","og_image":[{"width":1100,"height":578,"url":"https:\/\/www.pause-au-naturelle.com\/wp-content\/uploads\/2025\/10\/enlever-les-poils-du-nez-naturellement.jpg","type":"image\/jpeg"}],"author":"Pause au naturelle","twitter_card":"summary_large_image","twitter_misc":{"Scritto da":"Pause au naturelle","Tempo di lettura stimato":"8 minuti"},"schema":{"@context":"https:\/\/schema.org","@graph":[{"@type":"Article","@id":"https:\/\/www.pause-au-naturelle.com\/2025\/10\/03\/enlever-les-poils-du-nez-naturellement\/#article","isPartOf":{"@id":"https:\/\/www.pause-au-naturelle.com\/2025\/10\/03\/enlever-les-poils-du-nez-naturellement\/"},"author":{"name":"Pause au naturelle","@id":"https:\/\/www.pause-au-naturelle.com\/#\/schema\/person\/8a6e5bbc38c727382c318184436321a0"},"headline":"Comment enlever les poils du nez naturellement et en toute s\u00e9curit\u00e9","datePublished":"2025-10-03T10:38:48+00:00","dateModified":"2025-10-03T10:41:34+00:00","mainEntityOfPage":{"@id":"https:\/\/www.pause-au-naturelle.com\/2025\/10\/03\/enlever-les-poils-du-nez-naturellement\/"},"wordCount":1684,"publisher":{"@id":"https:\/\/www.pause-au-naturelle.com\/#organization"},"image":{"@id":"https:\/\/www.pause-au-naturelle.com\/2025\/10\/03\/enlever-les-poils-du-nez-naturellement\/#primaryimage"},"thumbnailUrl":"https:\/\/www.pause-au-naturelle.com\/wp-content\/uploads\/2025\/10\/enlever-les-poils-du-nez-naturellement.jpg","articleSection":["Aliments naturels"],"inLanguage":"it-IT"},{"@type":"WebPage","@id":"https:\/\/www.pause-au-naturelle.com\/2025\/10\/03\/enlever-les-poils-du-nez-naturellement\/","url":"https:\/\/www.pause-au-naturelle.com\/2025\/10\/03\/enlever-les-poils-du-nez-naturellement\/","name":"Rimuovere i peli dal naso in modo naturale e sicuro","isPartOf":{"@id":"https:\/\/www.pause-au-naturelle.com\/#website"},"primaryImageOfPage":{"@id":"https:\/\/www.pause-au-naturelle.com\/2025\/10\/03\/enlever-les-poils-du-nez-naturellement\/#primaryimage"},"image":{"@id":"https:\/\/www.pause-au-naturelle.com\/2025\/10\/03\/enlever-les-poils-du-nez-naturellement\/#primaryimage"},"thumbnailUrl":"https:\/\/www.pause-au-naturelle.com\/wp-content\/uploads\/2025\/10\/enlever-les-poils-du-nez-naturellement.jpg","datePublished":"2025-10-03T10:38:48+00:00","dateModified":"2025-10-03T10:41:34+00:00","description":"Scopri come rimuovere i peli dal naso in modo naturale. Adotta metodi sicuri ed efficaci per un'igiene ottimale.","inLanguage":"it-IT","potentialAction":[{"@type":"ReadAction","target":["https:\/\/www.pause-au-naturelle.com\/2025\/10\/03\/enlever-les-poils-du-nez-naturellement\/"]}]},{"@type":"ImageObject","inLanguage":"it-IT","@id":"https:\/\/www.pause-au-naturelle.com\/2025\/10\/03\/enlever-les-poils-du-nez-naturellement\/#primaryimage","url":"https:\/\/www.pause-au-naturelle.com\/wp-content\/uploads\/2025\/10\/enlever-les-poils-du-nez-naturellement.jpg","contentUrl":"https:\/\/www.pause-au-naturelle.com\/wp-content\/uploads\/2025\/10\/enlever-les-poils-du-nez-naturellement.jpg","width":1100,"height":578,"caption":"Enlever les poils du nez naturellement"},{"@type":"WebSite","@id":"https:\/\/www.pause-au-naturelle.com\/#website","url":"https:\/\/www.pause-au-naturelle.com\/","name":"Pausa al naturale","description":"","publisher":{"@id":"https:\/\/www.pause-au-naturelle.com\/#organization"},"potentialAction":[{"@type":"SearchAction","target":{"@type":"EntryPoint","urlTemplate":"https:\/\/www.pause-au-naturelle.com\/?s={search_term_string}"},"query-input":{"@type":"PropertyValueSpecification","valueRequired":true,"valueName":"search_term_string"}}],"inLanguage":"it-IT"},{"@type":"Organization","@id":"https:\/\/www.pause-au-naturelle.com\/#organization","name":"Pausa al naturale","url":"https:\/\/www.pause-au-naturelle.com\/","logo":{"@type":"ImageObject","inLanguage":"it-IT","@id":"https:\/\/www.pause-au-naturelle.com\/#\/schema\/logo\/image\/","url":"https:\/\/www.pause-au-naturelle.com\/wp-content\/uploads\/2020\/06\/logo.png","contentUrl":"https:\/\/www.pause-au-naturelle.com\/wp-content\/uploads\/2020\/06\/logo.png","width":250,"height":250,"caption":"Pause au naturelle"},"image":{"@id":"https:\/\/www.pause-au-naturelle.com\/#\/schema\/logo\/image\/"}},{"@type":"Person","@id":"https:\/\/www.pause-au-naturelle.com\/#\/schema\/person\/8a6e5bbc38c727382c318184436321a0","name":"Pausa al naturale","image":{"@type":"ImageObject","inLanguage":"it-IT","@id":"https:\/\/secure.gravatar.com\/avatar\/2de2f9db297549ce305c8b0151c859e714b1db3894e06c8fa49291b83a622fc4?s=96&d=mm&r=g","url":"https:\/\/secure.gravatar.com\/avatar\/2de2f9db297549ce305c8b0151c859e714b1db3894e06c8fa49291b83a622fc4?s=96&d=mm&r=g","contentUrl":"https:\/\/secure.gravatar.com\/avatar\/2de2f9db297549ce305c8b0151c859e714b1db3894e06c8fa49291b83a622fc4?s=96&d=mm&r=g","caption":"Pause au naturelle"},"url":"https:\/\/www.pause-au-naturelle.com\/it\/author\/najima\/"}]}},"_links":{"self":[{"href":"https:\/\/www.pause-au-naturelle.com\/it\/wp-json\/wp\/v2\/posts\/15935","targetHints":{"allow":["GET"]}}],"collection":[{"href":"https:\/\/www.pause-au-naturelle.com\/it\/wp-json\/wp\/v2\/posts"}],"about":[{"href":"https:\/\/www.pause-au-naturelle.com\/it\/wp-json\/wp\/v2\/types\/post"}],"author":[{"embeddable":true,"href":"https:\/\/www.pause-au-naturelle.com\/it\/wp-json\/wp\/v2\/users\/1"}],"replies":[{"embeddable":true,"href":"https:\/\/www.pause-au-naturelle.com\/it\/wp-json\/wp\/v2\/comments?post=15935"}],"version-history":[{"count":2,"href":"https:\/\/www.pause-au-naturelle.com\/it\/wp-json\/wp\/v2\/posts\/15935\/revisions"}],"predecessor-version":[{"id":15938,"href":"https:\/\/www.pause-au-naturelle.com\/it\/wp-json\/wp\/v2\/posts\/15935\/revisions\/15938"}],"wp:featuredmedia":[{"embeddable":true,"href":"https:\/\/www.pause-au-naturelle.com\/it\/wp-json\/wp\/v2\/media\/15936"}],"wp:attachment":[{"href":"https:\/\/www.pause-au-naturelle.com\/it\/wp-json\/wp\/v2\/media?parent=15935"}],"wp:term":[{"taxonomy":"category","embeddable":true,"href":"https:\/\/www.pause-au-naturelle.com\/it\/wp-json\/wp\/v2\/categories?post=15935"},{"taxonomy":"post_tag","embeddable":true,"href":"https:\/\/www.pause-au-naturelle.com\/it\/wp-json\/wp\/v2\/tags?post=15935"}],"curies":[{"name":"wp","href":"https:\/\/api.w.org\/{rel}","templated":true}]}}