{"id":10269,"date":"2024-04-25T11:15:52","date_gmt":"2024-04-25T11:15:52","guid":{"rendered":"https:\/\/www.pause-au-naturelle.com\/?p=10269"},"modified":"2025-09-27T09:52:11","modified_gmt":"2025-09-27T09:52:11","slug":"toepassingstijd-henne-wit-haar","status":"publish","type":"post","link":"https:\/\/www.pause-au-naturelle.com\/nl\/2024\/04\/25\/temps-de-pose-henne-cheveux-blancs\/","title":{"rendered":"Praktische gids voor het aanbrengen van henna bij grijs haar"},"content":{"rendered":"<p>Le\u00a0<strong>henn\u00e9<\/strong>\u00a0est utilis\u00e9 depuis des mill\u00e9naires comme colorant naturel capillaire. Ses propri\u00e9t\u00e9s couvrantes font du henn\u00e9 une option privil\u00e9gi\u00e9e pour ceux qui souhaitent camoufler leurs\u00a0<strong>wit haar<\/strong>\u00a0sans recourir aux teintures chimiques. En plus de sa capacit\u00e9 \u00e0 colorer, le henn\u00e9 fortifie, conditionne et am\u00e9liore la sant\u00e9 globale du cuir chevelu. Zoom sur le temps de pose henn\u00e9 cheveux blancs !<\/p>\n\n\n\n<h2 class=\"wp-block-heading\"><strong>Pr\u00e9parer vos cheveux pour une application efficace du henn\u00e9<\/strong><\/h2>\n\n\n\n<p>Avant d&rsquo;appliquer le henn\u00e9, il est crucial de pr\u00e9parer vos cheveux afin de maximiser l&rsquo;efficacit\u00e9 du traitement. Commencez par un lavage soigneux avec un <strong><a href=\"https:\/\/www.pause-au-naturelle.com\/nl\/product\/nila-vaste-shampoo-ca-80g-assali\/\">verhelderende shampoo<\/a><\/strong> pour \u00e9liminer toute trace de produit r\u00e9siduel. Assurez-vous que vos cheveux sont compl\u00e8tement secs avant de passer \u00e0 l&rsquo;application du henn\u00e9, car la pr\u00e9sence d\u2019humidit\u00e9 peut affecter l&rsquo;uniformit\u00e9 de la couleur.<\/p>\n\n\n\n<h3 class=\"wp-block-heading\"><strong>Choix de la qualit\u00e9 du henn\u00e9<\/strong><\/h3>\n\n\n\n<p>S\u00e9lectionnez un henn\u00e9 de bonne qualit\u00e9, de pr\u00e9f\u00e9rence bio, pour \u00e9viter les additifs chimiques qui pourraient \u00eatre nuisibles. Le henn\u00e9 pur assure non seulement une meilleure couverture des&nbsp;<strong>wit haar<\/strong>, mais il prend \u00e9galement soin de votre sant\u00e9 capillaire.<\/p>\n\n\n\n<h2 class=\"wp-block-heading\"><strong>Optimale belichtingstijd om witte haren te bedekken<\/strong><\/h2>\n\n\n\n<p>Le temps de pose du henn\u00e9 est primordial pour obtenir une couverture optimale des cheveux blancs. Contrairement aux teintures chimiques, le henn\u00e9 n\u00e9cessite un temps de pose beaucoup plus long. G\u00e9n\u00e9ralement, il est recommand\u00e9 de maintenir le henn\u00e9 entre 3 \u00e0 6 heures, selon l\u2019intensit\u00e9 de la couleur d\u00e9sir\u00e9e.<\/p>\n\n\n\n<h3 class=\"wp-block-heading\"><strong>Invloed van haartype op inwerktijd<\/strong><\/h3>\n\n\n\n<p>La texture et la porosit\u00e9 de vos cheveux peuvent influencer le temps de pose n\u00e9cessaire. Les cheveux fins ou tr\u00e8s poreux pourraient absorber la couleur plus rapidement, alors que les cheveux \u00e9pais ou moins poreux pourraient n\u00e9cessiter un temps plus prolong\u00e9 pour atteindre la teinte souhait\u00e9e.<\/p>\n\n\n\n<h2 class=\"wp-block-heading\"><strong>Techniques d&rsquo;application pour un r\u00e9sultat parfait<\/strong><\/h2>\n\n\n\n<p>L&rsquo;application du henn\u00e9 doit \u00eatre effectu\u00e9e m\u00e9thodiquement pour garantir une couverture uniforme de tous les cheveux blancs. Divisez vos cheveux en sections maniables et appliquez le m\u00e9lange g\u00e9n\u00e9reusement de la racine jusqu&rsquo;aux pointes, en vous assurant que chaque m\u00e8che est bien enrob\u00e9e.<\/p>\n\n\n\n<h3 class=\"wp-block-heading\"><strong>S\u00e9curit\u00e9 lors de l&rsquo;application<\/strong><\/h3>\n\n\n\n<p>Draag altijd<strong><a href=\"https:\/\/www.pause-au-naturelle.com\/nl\/cat%c3%a9gorie-produit\/marokkaanse-kessa-handschoen\/\"> handschoenen<\/a><\/strong> pendant l&rsquo;application pour prot\u00e9ger vos mains de la coloration. Il est \u00e9galement conseill\u00e9 d&rsquo;appliquer une cr\u00e8me barri\u00e8re le long de votre front. Vos oreilles et votre nuque pour \u00e9viter les taches de peau.<\/p>\n\n\n\n<h2 class=\"wp-block-heading\"><strong>Apr\u00e8s l&rsquo;application : soin et entretien post-henn\u00e9<\/strong><\/h2>\n\n\n\n<p>Le soin ne s&rsquo;arr\u00eate pas apr\u00e8s le rin\u00e7age du henn\u00e9. Utilisez un apr\u00e8s-shampoing hydratant pour aider \u00e0 sceller l&rsquo;hydratation et ajouter un \u00e9clat naturel \u00e0 vos cheveux. \u00c9vitez l&rsquo;utilisation de shampoings forts pour les premiers lavages apr\u00e8s l&rsquo;application du henn\u00e9, car ils pourraient d\u00e9laver la couleur pr\u00e9matur\u00e9ment.<\/p>\n\n\n\n<h3 class=\"wp-block-heading\"><strong>De kleur levendig houden<\/strong><\/h3>\n\n\n\n<p>Pour maintenir la vibrantet\u00e9 de la nouvelle teinte, envisagez d&rsquo;utiliser des produits sp\u00e9cialement con\u00e7us pour les cheveux color\u00e9s. Ces produits aident \u00e0 garder la couleur intense et \u00e0 prolonger les effets du henn\u00e9 sur les cheveux blancs.<\/p>\n\n\n\n<h2 class=\"wp-block-heading\"><strong>Veelgestelde vragen<\/strong><\/h2>\n\n\n\n<ul class=\"wp-block-list\">\n<li><strong>Quelle quantit\u00e9 de henn\u00e9 utiliser pour les cheveux blancs\u00a0?<\/strong>\u00a0: la quantit\u00e9 de henn\u00e9 n\u00e9cessaire d\u00e9pend de la longueur et de l&rsquo;\u00e9paisseur de vos cheveux.<\/li>\n\n\n\n<li><strong>Le henn\u00e9 ab\u00eeme-t-il les cheveux\u00a0?<\/strong>\u00a0: non, le henn\u00e9 est une alternative s\u00fbre et naturelle qui traite et renforce les cheveux plut\u00f4t que de les endommager.<\/li>\n\n\n\n<li><strong>Puis-je mixer le henn\u00e9 avec d&rsquo;autres substances pour am\u00e9liorer la couverture\u00a0?<\/strong>\u00a0: oui, le henn\u00e9 peut \u00eatre m\u00e9lang\u00e9 avec d\u2019autres ingr\u00e9dients naturels, comme le caf\u00e9 ou le th\u00e9 pour intensifier les r\u00e9sultats.<\/li>\n<\/ul>\n\n\n\n<p>En suivant ces conseils et techniques, vous pouvez r\u00e9aliser une application efficace du henn\u00e9 pour masquer&nbsp;<strong>wit haar<\/strong>&nbsp;terwijl het je haar voedt en versterkt.<\/p>","protected":false},"excerpt":{"rendered":"<p>Le\u00a0henn\u00e9\u00a0est utilis\u00e9 depuis des mill\u00e9naires comme colorant naturel capillaire. Ses propri\u00e9t\u00e9s couvrantes font du henn\u00e9 une option privil\u00e9gi\u00e9e pour ceux qui souhaitent camoufler leurs\u00a0cheveux blancs\u00a0sans recourir aux teintures chimiques. En plus de sa capacit\u00e9 \u00e0 colorer, le henn\u00e9 fortifie, conditionne et am\u00e9liore la sant\u00e9 globale du cuir chevelu. Zoom sur le temps de pose henn\u00e9 [&#8230;]\n","protected":false},"author":1,"featured_media":10270,"comment_status":"closed","ping_status":"closed","sticky":false,"template":"","format":"standard","meta":{"footnotes":""},"categories":[70],"tags":[],"class_list":["post-10269","post","type-post","status-publish","format-standard","has-post-thumbnail","hentry","category-cosmetiques"],"yoast_head":"<!-- This site is optimized with the Yoast SEO plugin v27.3 - https:\/\/yoast.com\/product\/yoast-seo-wordpress\/ -->\n<title>Temps de pose henn\u00e9 cheveux blancs | Le guide complet<\/title>\n<meta name=\"description\" content=\"En plus de sa capacit\u00e9 \u00e0 colorer, le henn\u00e9 fortifie et am\u00e9liore le cuir chevelu. Zoom sur le temps de pose henn\u00e9 cheveux blancs !\" \/>\n<meta name=\"robots\" content=\"index, follow, max-snippet:-1, max-image-preview:large, max-video-preview:-1\" \/>\n<link rel=\"canonical\" href=\"https:\/\/www.pause-au-naturelle.com\/nl\/2024\/04\/25\/toepassingstijd-henne-wit-haar\/\" \/>\n<meta property=\"og:locale\" content=\"nl_NL\" \/>\n<meta property=\"og:type\" content=\"article\" \/>\n<meta property=\"og:title\" content=\"Temps de pose henn\u00e9 cheveux blancs | Le guide complet\" \/>\n<meta property=\"og:description\" content=\"En plus de sa capacit\u00e9 \u00e0 colorer, le henn\u00e9 fortifie et am\u00e9liore le cuir chevelu. Zoom sur le temps de pose henn\u00e9 cheveux blancs !\" \/>\n<meta property=\"og:url\" content=\"https:\/\/www.pause-au-naturelle.com\/nl\/2024\/04\/25\/toepassingstijd-henne-wit-haar\/\" \/>\n<meta property=\"og:site_name\" content=\"Pause au Naturelle\" \/>\n<meta property=\"article:published_time\" content=\"2024-04-25T11:15:52+00:00\" \/>\n<meta property=\"article:modified_time\" content=\"2025-09-27T09:52:11+00:00\" \/>\n<meta property=\"og:image\" content=\"https:\/\/www.pause-au-naturelle.com\/wp-content\/uploads\/2024\/04\/temps-de-pose-henne-cheveux-blancs-.jpg\" \/>\n\t<meta property=\"og:image:width\" content=\"1100\" \/>\n\t<meta property=\"og:image:height\" content=\"578\" \/>\n\t<meta property=\"og:image:type\" content=\"image\/jpeg\" \/>\n<meta name=\"author\" content=\"Pause au naturelle\" \/>\n<meta name=\"twitter:card\" content=\"summary_large_image\" \/>\n<meta name=\"twitter:label1\" content=\"Geschreven door\" \/>\n\t<meta name=\"twitter:data1\" content=\"Pause au naturelle\" \/>\n\t<meta name=\"twitter:label2\" content=\"Geschatte leestijd\" \/>\n\t<meta name=\"twitter:data2\" content=\"3 minuten\" \/>\n<script type=\"application\/ld+json\" class=\"yoast-schema-graph\">{\"@context\":\"https:\\\/\\\/schema.org\",\"@graph\":[{\"@type\":\"Article\",\"@id\":\"https:\\\/\\\/www.pause-au-naturelle.com\\\/2024\\\/04\\\/25\\\/temps-de-pose-henne-cheveux-blancs\\\/#article\",\"isPartOf\":{\"@id\":\"https:\\\/\\\/www.pause-au-naturelle.com\\\/2024\\\/04\\\/25\\\/temps-de-pose-henne-cheveux-blancs\\\/\"},\"author\":{\"name\":\"Pause au naturelle\",\"@id\":\"https:\\\/\\\/www.pause-au-naturelle.com\\\/#\\\/schema\\\/person\\\/8a6e5bbc38c727382c318184436321a0\"},\"headline\":\"Guide pratique sur le temps de pose du henn\u00e9 pour les cheveux blancs\",\"datePublished\":\"2024-04-25T11:15:52+00:00\",\"dateModified\":\"2025-09-27T09:52:11+00:00\",\"mainEntityOfPage\":{\"@id\":\"https:\\\/\\\/www.pause-au-naturelle.com\\\/2024\\\/04\\\/25\\\/temps-de-pose-henne-cheveux-blancs\\\/\"},\"wordCount\":663,\"publisher\":{\"@id\":\"https:\\\/\\\/www.pause-au-naturelle.com\\\/#organization\"},\"image\":{\"@id\":\"https:\\\/\\\/www.pause-au-naturelle.com\\\/2024\\\/04\\\/25\\\/temps-de-pose-henne-cheveux-blancs\\\/#primaryimage\"},\"thumbnailUrl\":\"https:\\\/\\\/www.pause-au-naturelle.com\\\/wp-content\\\/uploads\\\/2024\\\/04\\\/temps-de-pose-henne-cheveux-blancs-.jpg\",\"articleSection\":[\"Cosm\u00e9tiques\"],\"inLanguage\":\"nl-NL\"},{\"@type\":\"WebPage\",\"@id\":\"https:\\\/\\\/www.pause-au-naturelle.com\\\/2024\\\/04\\\/25\\\/temps-de-pose-henne-cheveux-blancs\\\/\",\"url\":\"https:\\\/\\\/www.pause-au-naturelle.com\\\/2024\\\/04\\\/25\\\/temps-de-pose-henne-cheveux-blancs\\\/\",\"name\":\"Temps de pose henn\u00e9 cheveux blancs | Le guide complet\",\"isPartOf\":{\"@id\":\"https:\\\/\\\/www.pause-au-naturelle.com\\\/#website\"},\"primaryImageOfPage\":{\"@id\":\"https:\\\/\\\/www.pause-au-naturelle.com\\\/2024\\\/04\\\/25\\\/temps-de-pose-henne-cheveux-blancs\\\/#primaryimage\"},\"image\":{\"@id\":\"https:\\\/\\\/www.pause-au-naturelle.com\\\/2024\\\/04\\\/25\\\/temps-de-pose-henne-cheveux-blancs\\\/#primaryimage\"},\"thumbnailUrl\":\"https:\\\/\\\/www.pause-au-naturelle.com\\\/wp-content\\\/uploads\\\/2024\\\/04\\\/temps-de-pose-henne-cheveux-blancs-.jpg\",\"datePublished\":\"2024-04-25T11:15:52+00:00\",\"dateModified\":\"2025-09-27T09:52:11+00:00\",\"description\":\"En plus de sa capacit\u00e9 \u00e0 colorer, le henn\u00e9 fortifie et am\u00e9liore le cuir chevelu. Zoom sur le temps de pose henn\u00e9 cheveux blancs !\",\"inLanguage\":\"nl-NL\",\"potentialAction\":[{\"@type\":\"ReadAction\",\"target\":[\"https:\\\/\\\/www.pause-au-naturelle.com\\\/2024\\\/04\\\/25\\\/temps-de-pose-henne-cheveux-blancs\\\/\"]}]},{\"@type\":\"ImageObject\",\"inLanguage\":\"nl-NL\",\"@id\":\"https:\\\/\\\/www.pause-au-naturelle.com\\\/2024\\\/04\\\/25\\\/temps-de-pose-henne-cheveux-blancs\\\/#primaryimage\",\"url\":\"https:\\\/\\\/www.pause-au-naturelle.com\\\/wp-content\\\/uploads\\\/2024\\\/04\\\/temps-de-pose-henne-cheveux-blancs-.jpg\",\"contentUrl\":\"https:\\\/\\\/www.pause-au-naturelle.com\\\/wp-content\\\/uploads\\\/2024\\\/04\\\/temps-de-pose-henne-cheveux-blancs-.jpg\",\"width\":1100,\"height\":578,\"caption\":\"temps de pose henn\u00e9 cheveux blancs\"},{\"@type\":\"WebSite\",\"@id\":\"https:\\\/\\\/www.pause-au-naturelle.com\\\/#website\",\"url\":\"https:\\\/\\\/www.pause-au-naturelle.com\\\/\",\"name\":\"Pause au Naturelle\",\"description\":\"\",\"publisher\":{\"@id\":\"https:\\\/\\\/www.pause-au-naturelle.com\\\/#organization\"},\"potentialAction\":[{\"@type\":\"SearchAction\",\"target\":{\"@type\":\"EntryPoint\",\"urlTemplate\":\"https:\\\/\\\/www.pause-au-naturelle.com\\\/?s={search_term_string}\"},\"query-input\":{\"@type\":\"PropertyValueSpecification\",\"valueRequired\":true,\"valueName\":\"search_term_string\"}}],\"inLanguage\":\"nl-NL\"},{\"@type\":\"Organization\",\"@id\":\"https:\\\/\\\/www.pause-au-naturelle.com\\\/#organization\",\"name\":\"Pause au naturelle\",\"url\":\"https:\\\/\\\/www.pause-au-naturelle.com\\\/\",\"logo\":{\"@type\":\"ImageObject\",\"inLanguage\":\"nl-NL\",\"@id\":\"https:\\\/\\\/www.pause-au-naturelle.com\\\/#\\\/schema\\\/logo\\\/image\\\/\",\"url\":\"https:\\\/\\\/www.pause-au-naturelle.com\\\/wp-content\\\/uploads\\\/2020\\\/06\\\/logo.png\",\"contentUrl\":\"https:\\\/\\\/www.pause-au-naturelle.com\\\/wp-content\\\/uploads\\\/2020\\\/06\\\/logo.png\",\"width\":250,\"height\":250,\"caption\":\"Pause au naturelle\"},\"image\":{\"@id\":\"https:\\\/\\\/www.pause-au-naturelle.com\\\/#\\\/schema\\\/logo\\\/image\\\/\"}},{\"@type\":\"Person\",\"@id\":\"https:\\\/\\\/www.pause-au-naturelle.com\\\/#\\\/schema\\\/person\\\/8a6e5bbc38c727382c318184436321a0\",\"name\":\"Pause au naturelle\",\"image\":{\"@type\":\"ImageObject\",\"inLanguage\":\"nl-NL\",\"@id\":\"https:\\\/\\\/secure.gravatar.com\\\/avatar\\\/2de2f9db297549ce305c8b0151c859e714b1db3894e06c8fa49291b83a622fc4?s=96&d=mm&r=g\",\"url\":\"https:\\\/\\\/secure.gravatar.com\\\/avatar\\\/2de2f9db297549ce305c8b0151c859e714b1db3894e06c8fa49291b83a622fc4?s=96&d=mm&r=g\",\"contentUrl\":\"https:\\\/\\\/secure.gravatar.com\\\/avatar\\\/2de2f9db297549ce305c8b0151c859e714b1db3894e06c8fa49291b83a622fc4?s=96&d=mm&r=g\",\"caption\":\"Pause au naturelle\"},\"url\":\"https:\\\/\\\/www.pause-au-naturelle.com\\\/nl\\\/author\\\/najima\\\/\"}]}<\/script>\n<!-- \/ Yoast SEO plugin. -->","yoast_head_json":{"title":"Henna aanbrengen bij wit haar | De volledige gids","description":"Naast het vermogen om te kleuren, versterkt en verbetert henna ook de hoofdhuid. Zoom in op henna aanbrengen voor wit haar!","robots":{"index":"index","follow":"follow","max-snippet":"max-snippet:-1","max-image-preview":"max-image-preview:large","max-video-preview":"max-video-preview:-1"},"canonical":"https:\/\/www.pause-au-naturelle.com\/nl\/2024\/04\/25\/toepassingstijd-henne-wit-haar\/","og_locale":"nl_NL","og_type":"article","og_title":"Temps de pose henn\u00e9 cheveux blancs | Le guide complet","og_description":"En plus de sa capacit\u00e9 \u00e0 colorer, le henn\u00e9 fortifie et am\u00e9liore le cuir chevelu. Zoom sur le temps de pose henn\u00e9 cheveux blancs !","og_url":"https:\/\/www.pause-au-naturelle.com\/nl\/2024\/04\/25\/toepassingstijd-henne-wit-haar\/","og_site_name":"Pause au Naturelle","article_published_time":"2024-04-25T11:15:52+00:00","article_modified_time":"2025-09-27T09:52:11+00:00","og_image":[{"width":1100,"height":578,"url":"https:\/\/www.pause-au-naturelle.com\/wp-content\/uploads\/2024\/04\/temps-de-pose-henne-cheveux-blancs-.jpg","type":"image\/jpeg"}],"author":"Pause au naturelle","twitter_card":"summary_large_image","twitter_misc":{"Geschreven door":"Pause au naturelle","Geschatte leestijd":"3 minuten"},"schema":{"@context":"https:\/\/schema.org","@graph":[{"@type":"Article","@id":"https:\/\/www.pause-au-naturelle.com\/2024\/04\/25\/temps-de-pose-henne-cheveux-blancs\/#article","isPartOf":{"@id":"https:\/\/www.pause-au-naturelle.com\/2024\/04\/25\/temps-de-pose-henne-cheveux-blancs\/"},"author":{"name":"Pause au naturelle","@id":"https:\/\/www.pause-au-naturelle.com\/#\/schema\/person\/8a6e5bbc38c727382c318184436321a0"},"headline":"Guide pratique sur le temps de pose du henn\u00e9 pour les cheveux blancs","datePublished":"2024-04-25T11:15:52+00:00","dateModified":"2025-09-27T09:52:11+00:00","mainEntityOfPage":{"@id":"https:\/\/www.pause-au-naturelle.com\/2024\/04\/25\/temps-de-pose-henne-cheveux-blancs\/"},"wordCount":663,"publisher":{"@id":"https:\/\/www.pause-au-naturelle.com\/#organization"},"image":{"@id":"https:\/\/www.pause-au-naturelle.com\/2024\/04\/25\/temps-de-pose-henne-cheveux-blancs\/#primaryimage"},"thumbnailUrl":"https:\/\/www.pause-au-naturelle.com\/wp-content\/uploads\/2024\/04\/temps-de-pose-henne-cheveux-blancs-.jpg","articleSection":["Cosm\u00e9tiques"],"inLanguage":"nl-NL"},{"@type":"WebPage","@id":"https:\/\/www.pause-au-naturelle.com\/2024\/04\/25\/temps-de-pose-henne-cheveux-blancs\/","url":"https:\/\/www.pause-au-naturelle.com\/2024\/04\/25\/temps-de-pose-henne-cheveux-blancs\/","name":"Henna aanbrengen bij wit haar | De volledige gids","isPartOf":{"@id":"https:\/\/www.pause-au-naturelle.com\/#website"},"primaryImageOfPage":{"@id":"https:\/\/www.pause-au-naturelle.com\/2024\/04\/25\/temps-de-pose-henne-cheveux-blancs\/#primaryimage"},"image":{"@id":"https:\/\/www.pause-au-naturelle.com\/2024\/04\/25\/temps-de-pose-henne-cheveux-blancs\/#primaryimage"},"thumbnailUrl":"https:\/\/www.pause-au-naturelle.com\/wp-content\/uploads\/2024\/04\/temps-de-pose-henne-cheveux-blancs-.jpg","datePublished":"2024-04-25T11:15:52+00:00","dateModified":"2025-09-27T09:52:11+00:00","description":"Naast het vermogen om te kleuren, versterkt en verbetert henna ook de hoofdhuid. Zoom in op henna aanbrengen voor wit haar!","inLanguage":"nl-NL","potentialAction":[{"@type":"ReadAction","target":["https:\/\/www.pause-au-naturelle.com\/2024\/04\/25\/temps-de-pose-henne-cheveux-blancs\/"]}]},{"@type":"ImageObject","inLanguage":"nl-NL","@id":"https:\/\/www.pause-au-naturelle.com\/2024\/04\/25\/temps-de-pose-henne-cheveux-blancs\/#primaryimage","url":"https:\/\/www.pause-au-naturelle.com\/wp-content\/uploads\/2024\/04\/temps-de-pose-henne-cheveux-blancs-.jpg","contentUrl":"https:\/\/www.pause-au-naturelle.com\/wp-content\/uploads\/2024\/04\/temps-de-pose-henne-cheveux-blancs-.jpg","width":1100,"height":578,"caption":"temps de pose henn\u00e9 cheveux blancs"},{"@type":"WebSite","@id":"https:\/\/www.pause-au-naturelle.com\/#website","url":"https:\/\/www.pause-au-naturelle.com\/","name":"Pauze in de natuur","description":"","publisher":{"@id":"https:\/\/www.pause-au-naturelle.com\/#organization"},"potentialAction":[{"@type":"SearchAction","target":{"@type":"EntryPoint","urlTemplate":"https:\/\/www.pause-au-naturelle.com\/?s={search_term_string}"},"query-input":{"@type":"PropertyValueSpecification","valueRequired":true,"valueName":"search_term_string"}}],"inLanguage":"nl-NL"},{"@type":"Organization","@id":"https:\/\/www.pause-au-naturelle.com\/#organization","name":"Een natuurlijke onderbreking","url":"https:\/\/www.pause-au-naturelle.com\/","logo":{"@type":"ImageObject","inLanguage":"nl-NL","@id":"https:\/\/www.pause-au-naturelle.com\/#\/schema\/logo\/image\/","url":"https:\/\/www.pause-au-naturelle.com\/wp-content\/uploads\/2020\/06\/logo.png","contentUrl":"https:\/\/www.pause-au-naturelle.com\/wp-content\/uploads\/2020\/06\/logo.png","width":250,"height":250,"caption":"Pause au naturelle"},"image":{"@id":"https:\/\/www.pause-au-naturelle.com\/#\/schema\/logo\/image\/"}},{"@type":"Person","@id":"https:\/\/www.pause-au-naturelle.com\/#\/schema\/person\/8a6e5bbc38c727382c318184436321a0","name":"Een natuurlijke onderbreking","image":{"@type":"ImageObject","inLanguage":"nl-NL","@id":"https:\/\/secure.gravatar.com\/avatar\/2de2f9db297549ce305c8b0151c859e714b1db3894e06c8fa49291b83a622fc4?s=96&d=mm&r=g","url":"https:\/\/secure.gravatar.com\/avatar\/2de2f9db297549ce305c8b0151c859e714b1db3894e06c8fa49291b83a622fc4?s=96&d=mm&r=g","contentUrl":"https:\/\/secure.gravatar.com\/avatar\/2de2f9db297549ce305c8b0151c859e714b1db3894e06c8fa49291b83a622fc4?s=96&d=mm&r=g","caption":"Pause au naturelle"},"url":"https:\/\/www.pause-au-naturelle.com\/nl\/author\/najima\/"}]}},"_links":{"self":[{"href":"https:\/\/www.pause-au-naturelle.com\/nl\/wp-json\/wp\/v2\/posts\/10269","targetHints":{"allow":["GET"]}}],"collection":[{"href":"https:\/\/www.pause-au-naturelle.com\/nl\/wp-json\/wp\/v2\/posts"}],"about":[{"href":"https:\/\/www.pause-au-naturelle.com\/nl\/wp-json\/wp\/v2\/types\/post"}],"author":[{"embeddable":true,"href":"https:\/\/www.pause-au-naturelle.com\/nl\/wp-json\/wp\/v2\/users\/1"}],"replies":[{"embeddable":true,"href":"https:\/\/www.pause-au-naturelle.com\/nl\/wp-json\/wp\/v2\/comments?post=10269"}],"version-history":[{"count":1,"href":"https:\/\/www.pause-au-naturelle.com\/nl\/wp-json\/wp\/v2\/posts\/10269\/revisions"}],"predecessor-version":[{"id":10271,"href":"https:\/\/www.pause-au-naturelle.com\/nl\/wp-json\/wp\/v2\/posts\/10269\/revisions\/10271"}],"wp:featuredmedia":[{"embeddable":true,"href":"https:\/\/www.pause-au-naturelle.com\/nl\/wp-json\/wp\/v2\/media\/10270"}],"wp:attachment":[{"href":"https:\/\/www.pause-au-naturelle.com\/nl\/wp-json\/wp\/v2\/media?parent=10269"}],"wp:term":[{"taxonomy":"category","embeddable":true,"href":"https:\/\/www.pause-au-naturelle.com\/nl\/wp-json\/wp\/v2\/categories?post=10269"},{"taxonomy":"post_tag","embeddable":true,"href":"https:\/\/www.pause-au-naturelle.com\/nl\/wp-json\/wp\/v2\/tags?post=10269"}],"curies":[{"name":"wp","href":"https:\/\/api.w.org\/{rel}","templated":true}]}}