{"id":13744,"date":"2025-03-27T14:15:30","date_gmt":"2025-03-27T14:15:30","guid":{"rendered":"https:\/\/www.pause-au-naturelle.com\/?p=13744"},"modified":"2025-09-27T09:51:05","modified_gmt":"2025-09-27T09:51:05","slug":"allergie-foundation","status":"publish","type":"post","link":"https:\/\/www.pause-au-naturelle.com\/nl\/2025\/03\/27\/allergie-au-fond-de-teint\/","title":{"rendered":"Fundamentallergie: hoe kan het worden vastgesteld en behandeld?"},"content":{"rendered":"<h2 class=\"wp-block-heading\"><strong>Inleiding<\/strong><\/h2>\n\n\n\n<p>Le fond de teint fait partie int\u00e9grante de nombreuses routines beaut\u00e9. Cependant, certaines peaux peuvent mal r\u00e9agir \u00e0 certains composants, entra\u00eenant des rougeurs, des d\u00e9mangeaisons ou des boutons. Comment identifier une allergie au fond de teint et surtout, comment la g\u00e9rer efficacement ? Voici tout ce qu&rsquo;il faut savoir.<\/p>\n\n\n\n<h2 class=\"wp-block-heading\"><strong>Comment identifier une allergie cosm\u00e9tique\u00a0?<\/strong><\/h2>\n\n\n\n<h3 class=\"wp-block-heading\"><strong>\u00c0 quoi ressemble une allergie au fond de teint\u00a0?<\/strong><\/h3>\n\n\n\n<p>Les r\u00e9actions allergiques au fond de teint peuvent varier selon la sensibilit\u00e9 de la peau et la composition du produit. Elles se manifestent g\u00e9n\u00e9ralement par des rougeurs, des plaques s\u00e8ches, des boutons inflammatoires ou encore des gonflements.<\/p>\n\n\n\n<h3 class=\"wp-block-heading\"><strong>Quels sont les sympt\u00f4mes\u00a0?<\/strong><\/h3>\n\n\n\n<p>Hier zijn de meest voorkomende tekenen van een funderingsallergie:<\/p>\n\n\n\n<ul class=\"wp-block-list\">\n<li>Rougeurs et irritations cutan\u00e9es<\/li>\n\n\n\n<li>Gevoel van <strong><a href=\"https:\/\/www.pause-au-naturelle.com\/nl\/2024\/10\/02\/ontharen\/\">br\u00fblure<\/a><\/strong> of tintelingen<\/li>\n\n\n\n<li>D\u00e9mangeaisons intenses<\/li>\n\n\n\n<li>Apparition de petits boutons ou de plaques s\u00e8ches<\/li>\n\n\n\n<li>Peau qui desquame ou devient particuli\u00e8rement sensible<\/li>\n<\/ul>\n\n\n\n<h3 class=\"wp-block-heading\"><strong>Quels sont les premiers signes\u00a0?<\/strong><\/h3>\n\n\n\n<p>Les premiers sympt\u00f4mes d\u2019une r\u00e9action allergique apparaissent g\u00e9n\u00e9ralement peu de temps apr\u00e8s l\u2019application. Une sensation d\u2019inconfort imm\u00e9diate, des picotements ou l\u2019apparition de rougeurs sont des signaux d\u2019alerte indiquant qu\u2019il faut retirer le produit sans tarder.<\/p>\n\n\n\n<h2 class=\"wp-block-heading\"><strong>Comment soulager une allergie au fond de teint\u00a0?<\/strong><\/h2>\n\n\n\n<p>Si votre peau r\u00e9agit mal \u00e0 un fond de teint, voici les gestes \u00e0 adopter&nbsp;:<\/p>\n\n\n\n<ol start=\"1\" class=\"wp-block-list\">\n<li><strong>\u00c9liminer imm\u00e9diatement le produit<\/strong>\u00a0avec une eau micellaire douce ou un nettoyant hypoallerg\u00e9nique.<\/li>\n\n\n\n<li><strong>Kalmeer de huid<\/strong>\u00a0avec une cr\u00e8me hydratante adapt\u00e9e aux peaux sensibles (ex : bepanthen, Cicalfate).<\/li>\n\n\n\n<li><strong>\u00c9viter d\u2019appliquer d\u2019autres cosm\u00e9tiques<\/strong>\u00a0jusqu\u2019\u00e0 disparition des sympt\u00f4mes.<\/li>\n\n\n\n<li><strong>Neem een antihistaminicum<\/strong>\u00a0si la r\u00e9action est importante (sous avis m\u00e9dical).<\/li>\n\n\n\n<li><strong>Raadpleeg een dermatoloog<\/strong>\u00a0en cas de r\u00e9action persistante ou s\u00e9v\u00e8re.<\/li>\n<\/ol>\n\n\n\n<h2 class=\"wp-block-heading\"><strong>Quelles alternatives au fond de teint\u00a0?<\/strong><\/h2>\n\n\n\n<h3 class=\"wp-block-heading\"><strong>Pourquoi un fond de teint peut-il provoquer une allergie\u00a0?<\/strong><\/h3>\n\n\n\n<p>Les allergies aux fonds de teint sont souvent dues \u00e0 la pr\u00e9sence de certaines substances irritantes ou allerg\u00e8nes. Voici les principaux coupables&nbsp;:<\/p>\n\n\n\n<h4 class=\"wp-block-heading\"><strong>Ingr\u00e9dients souvent responsables\u00a0:<\/strong><\/h4>\n\n\n\n<ul class=\"wp-block-list\">\n<li><strong>Parfums en conserveringsmiddelen<\/strong>\u00a0(parab\u00e8nes, ph\u00e9noxy\u00e9thanol)<\/li>\n\n\n\n<li><strong>Etherische oli\u00ebn<\/strong>\u00a0(veel voorkomend in natuurlijke formules)<\/li>\n\n\n\n<li><strong>Silicones et polym\u00e8res<\/strong><\/li>\n\n\n\n<li><strong>Colorants synth\u00e9tiques<\/strong><\/li>\n\n\n\n<li><strong>Chemische zonnefilters<\/strong><\/li>\n<\/ul>\n\n\n\n<h3 class=\"wp-block-heading\"><strong>Fonds de teint les plus susceptibles de provoquer une r\u00e9action<\/strong><\/h3>\n\n\n\n<p>Certains produits sont plus \u00e0 risque en raison de leur formulation&nbsp;:<\/p>\n\n\n\n<ul class=\"wp-block-list\">\n<li>Langhoudende foundations rijk aan siliconen<\/li>\n\n\n\n<li>Producten met parfums en essenti\u00eble oli\u00ebn<\/li>\n\n\n\n<li>Formules tr\u00e8s couvrantes avec une forte concentration en pigments synth\u00e9tiques<\/li>\n<\/ul>\n\n\n\n<h3 class=\"wp-block-heading\"><strong>Fonds de teint adapt\u00e9s aux peaux sensibles<\/strong><\/h3>\n\n\n\n<p>Pour \u00e9viter les r\u00e9actions allergiques, privil\u00e9giez&nbsp;:<\/p>\n\n\n\n<ul class=\"wp-block-list\">\n<li><strong>Les fonds de teint min\u00e9raux<\/strong>\u00a0(bijv. lily Lolo, BareMinerals)<\/li>\n\n\n\n<li><strong>Geur- en conserveringsmiddelenvrije formules<\/strong>\u00a0(ex : la Roche-Posay, Av\u00e8ne)<\/li>\n\n\n\n<li><strong>Les produits hypoallerg\u00e9niques et test\u00e9s dermatologiquement<\/strong><\/li>\n<\/ul>\n\n\n\n<p>Les r\u00e9actions allergiques aux fonds de teint sont fr\u00e9quentes mais \u00e9vitables en choisissant des produits adapt\u00e9s. En cas de r\u00e9action, il est essentiel d\u2019identifier l\u2019ingr\u00e9dient en cause et de privil\u00e9gier des alternatives plus douces. Certaines\u00a0<a href=\"https:\/\/www.tsybrovamakeup.fr\/\"><strong>maquilleuses \u00e0 Lyon<\/strong><\/a> par exemple utilisent une gamme compl\u00e8te de maquillage sans allerg\u00e8nes. Une peau saine passe avant tout par des choix de produits adapt\u00e9s \u00e0 sa sensibilit\u00e9.<\/p>","protected":false},"excerpt":{"rendered":"<p>Introduction Le fond de teint fait partie int\u00e9grante de nombreuses routines beaut\u00e9. Cependant, certaines peaux peuvent mal r\u00e9agir \u00e0 certains composants, entra\u00eenant des rougeurs, des d\u00e9mangeaisons ou des boutons. Comment identifier une allergie au fond de teint et surtout, comment la g\u00e9rer efficacement ? Voici tout ce qu&rsquo;il faut savoir. Comment identifier une allergie cosm\u00e9tique\u00a0? [&#8230;]\n","protected":false},"author":1,"featured_media":13745,"comment_status":"closed","ping_status":"closed","sticky":false,"template":"","format":"standard","meta":{"footnotes":""},"categories":[1],"tags":[],"class_list":["post-13744","post","type-post","status-publish","format-standard","has-post-thumbnail","hentry","category-aliments-naturels"],"yoast_head":"<!-- This site is optimized with the Yoast SEO plugin v27.3 - https:\/\/yoast.com\/product\/yoast-seo-wordpress\/ -->\n<title>Allergie au fond de teint | Guide pratique sur le sujet<\/title>\n<meta name=\"description\" content=\"Comment identifier une allergie au fond de teint et surtout, comment la g\u00e9rer efficacement ? Ici, d\u00e9couvrez notre guide sur le sujet !\" \/>\n<meta name=\"robots\" content=\"index, follow, max-snippet:-1, max-image-preview:large, max-video-preview:-1\" \/>\n<link rel=\"canonical\" href=\"https:\/\/www.pause-au-naturelle.com\/nl\/2025\/03\/27\/allergie-foundation\/\" \/>\n<meta property=\"og:locale\" content=\"nl_NL\" \/>\n<meta property=\"og:type\" content=\"article\" \/>\n<meta property=\"og:title\" content=\"Allergie au fond de teint | Guide pratique sur le sujet\" \/>\n<meta property=\"og:description\" content=\"Comment identifier une allergie au fond de teint et surtout, comment la g\u00e9rer efficacement ? Ici, d\u00e9couvrez notre guide sur le sujet !\" \/>\n<meta property=\"og:url\" content=\"https:\/\/www.pause-au-naturelle.com\/nl\/2025\/03\/27\/allergie-foundation\/\" \/>\n<meta property=\"og:site_name\" content=\"Pause au Naturelle\" \/>\n<meta property=\"article:published_time\" content=\"2025-03-27T14:15:30+00:00\" \/>\n<meta property=\"article:modified_time\" content=\"2025-09-27T09:51:05+00:00\" \/>\n<meta property=\"og:image\" content=\"https:\/\/www.pause-au-naturelle.com\/wp-content\/uploads\/2025\/03\/Allergie-au-fond-de-teint.jpg\" \/>\n\t<meta property=\"og:image:width\" content=\"1100\" \/>\n\t<meta property=\"og:image:height\" content=\"578\" \/>\n\t<meta property=\"og:image:type\" content=\"image\/jpeg\" \/>\n<meta name=\"author\" content=\"Pause au naturelle\" \/>\n<meta name=\"twitter:card\" content=\"summary_large_image\" \/>\n<meta name=\"twitter:label1\" content=\"Geschreven door\" \/>\n\t<meta name=\"twitter:data1\" content=\"Pause au naturelle\" \/>\n\t<meta name=\"twitter:label2\" content=\"Geschatte leestijd\" \/>\n\t<meta name=\"twitter:data2\" content=\"3 minuten\" \/>\n<script type=\"application\/ld+json\" class=\"yoast-schema-graph\">{\"@context\":\"https:\\\/\\\/schema.org\",\"@graph\":[{\"@type\":\"Article\",\"@id\":\"https:\\\/\\\/www.pause-au-naturelle.com\\\/2025\\\/03\\\/27\\\/allergie-au-fond-de-teint\\\/#article\",\"isPartOf\":{\"@id\":\"https:\\\/\\\/www.pause-au-naturelle.com\\\/2025\\\/03\\\/27\\\/allergie-au-fond-de-teint\\\/\"},\"author\":{\"name\":\"Pause au naturelle\",\"@id\":\"https:\\\/\\\/www.pause-au-naturelle.com\\\/#\\\/schema\\\/person\\\/8a6e5bbc38c727382c318184436321a0\"},\"headline\":\"Allergie au fond de teint : comment l&rsquo;identifier et la soulager ?\",\"datePublished\":\"2025-03-27T14:15:30+00:00\",\"dateModified\":\"2025-09-27T09:51:05+00:00\",\"mainEntityOfPage\":{\"@id\":\"https:\\\/\\\/www.pause-au-naturelle.com\\\/2025\\\/03\\\/27\\\/allergie-au-fond-de-teint\\\/\"},\"wordCount\":552,\"publisher\":{\"@id\":\"https:\\\/\\\/www.pause-au-naturelle.com\\\/#organization\"},\"image\":{\"@id\":\"https:\\\/\\\/www.pause-au-naturelle.com\\\/2025\\\/03\\\/27\\\/allergie-au-fond-de-teint\\\/#primaryimage\"},\"thumbnailUrl\":\"https:\\\/\\\/www.pause-au-naturelle.com\\\/wp-content\\\/uploads\\\/2025\\\/03\\\/Allergie-au-fond-de-teint.jpg\",\"articleSection\":[\"Aliments naturels\"],\"inLanguage\":\"nl-NL\"},{\"@type\":\"WebPage\",\"@id\":\"https:\\\/\\\/www.pause-au-naturelle.com\\\/2025\\\/03\\\/27\\\/allergie-au-fond-de-teint\\\/\",\"url\":\"https:\\\/\\\/www.pause-au-naturelle.com\\\/2025\\\/03\\\/27\\\/allergie-au-fond-de-teint\\\/\",\"name\":\"Allergie au fond de teint | Guide pratique sur le sujet\",\"isPartOf\":{\"@id\":\"https:\\\/\\\/www.pause-au-naturelle.com\\\/#website\"},\"primaryImageOfPage\":{\"@id\":\"https:\\\/\\\/www.pause-au-naturelle.com\\\/2025\\\/03\\\/27\\\/allergie-au-fond-de-teint\\\/#primaryimage\"},\"image\":{\"@id\":\"https:\\\/\\\/www.pause-au-naturelle.com\\\/2025\\\/03\\\/27\\\/allergie-au-fond-de-teint\\\/#primaryimage\"},\"thumbnailUrl\":\"https:\\\/\\\/www.pause-au-naturelle.com\\\/wp-content\\\/uploads\\\/2025\\\/03\\\/Allergie-au-fond-de-teint.jpg\",\"datePublished\":\"2025-03-27T14:15:30+00:00\",\"dateModified\":\"2025-09-27T09:51:05+00:00\",\"description\":\"Comment identifier une allergie au fond de teint et surtout, comment la g\u00e9rer efficacement ? Ici, d\u00e9couvrez notre guide sur le sujet !\",\"inLanguage\":\"nl-NL\",\"potentialAction\":[{\"@type\":\"ReadAction\",\"target\":[\"https:\\\/\\\/www.pause-au-naturelle.com\\\/2025\\\/03\\\/27\\\/allergie-au-fond-de-teint\\\/\"]}]},{\"@type\":\"ImageObject\",\"inLanguage\":\"nl-NL\",\"@id\":\"https:\\\/\\\/www.pause-au-naturelle.com\\\/2025\\\/03\\\/27\\\/allergie-au-fond-de-teint\\\/#primaryimage\",\"url\":\"https:\\\/\\\/www.pause-au-naturelle.com\\\/wp-content\\\/uploads\\\/2025\\\/03\\\/Allergie-au-fond-de-teint.jpg\",\"contentUrl\":\"https:\\\/\\\/www.pause-au-naturelle.com\\\/wp-content\\\/uploads\\\/2025\\\/03\\\/Allergie-au-fond-de-teint.jpg\",\"width\":1100,\"height\":578,\"caption\":\"Allergie au fond de teint\"},{\"@type\":\"WebSite\",\"@id\":\"https:\\\/\\\/www.pause-au-naturelle.com\\\/#website\",\"url\":\"https:\\\/\\\/www.pause-au-naturelle.com\\\/\",\"name\":\"Pause au Naturelle\",\"description\":\"\",\"publisher\":{\"@id\":\"https:\\\/\\\/www.pause-au-naturelle.com\\\/#organization\"},\"potentialAction\":[{\"@type\":\"SearchAction\",\"target\":{\"@type\":\"EntryPoint\",\"urlTemplate\":\"https:\\\/\\\/www.pause-au-naturelle.com\\\/?s={search_term_string}\"},\"query-input\":{\"@type\":\"PropertyValueSpecification\",\"valueRequired\":true,\"valueName\":\"search_term_string\"}}],\"inLanguage\":\"nl-NL\"},{\"@type\":\"Organization\",\"@id\":\"https:\\\/\\\/www.pause-au-naturelle.com\\\/#organization\",\"name\":\"Pause au naturelle\",\"url\":\"https:\\\/\\\/www.pause-au-naturelle.com\\\/\",\"logo\":{\"@type\":\"ImageObject\",\"inLanguage\":\"nl-NL\",\"@id\":\"https:\\\/\\\/www.pause-au-naturelle.com\\\/#\\\/schema\\\/logo\\\/image\\\/\",\"url\":\"https:\\\/\\\/www.pause-au-naturelle.com\\\/wp-content\\\/uploads\\\/2020\\\/06\\\/logo.png\",\"contentUrl\":\"https:\\\/\\\/www.pause-au-naturelle.com\\\/wp-content\\\/uploads\\\/2020\\\/06\\\/logo.png\",\"width\":250,\"height\":250,\"caption\":\"Pause au naturelle\"},\"image\":{\"@id\":\"https:\\\/\\\/www.pause-au-naturelle.com\\\/#\\\/schema\\\/logo\\\/image\\\/\"}},{\"@type\":\"Person\",\"@id\":\"https:\\\/\\\/www.pause-au-naturelle.com\\\/#\\\/schema\\\/person\\\/8a6e5bbc38c727382c318184436321a0\",\"name\":\"Pause au naturelle\",\"image\":{\"@type\":\"ImageObject\",\"inLanguage\":\"nl-NL\",\"@id\":\"https:\\\/\\\/secure.gravatar.com\\\/avatar\\\/2de2f9db297549ce305c8b0151c859e714b1db3894e06c8fa49291b83a622fc4?s=96&d=mm&r=g\",\"url\":\"https:\\\/\\\/secure.gravatar.com\\\/avatar\\\/2de2f9db297549ce305c8b0151c859e714b1db3894e06c8fa49291b83a622fc4?s=96&d=mm&r=g\",\"contentUrl\":\"https:\\\/\\\/secure.gravatar.com\\\/avatar\\\/2de2f9db297549ce305c8b0151c859e714b1db3894e06c8fa49291b83a622fc4?s=96&d=mm&r=g\",\"caption\":\"Pause au naturelle\"},\"url\":\"https:\\\/\\\/www.pause-au-naturelle.com\\\/nl\\\/author\\\/najima\\\/\"}]}<\/script>\n<!-- \/ Yoast SEO plugin. -->","yoast_head_json":{"title":"Stichting allergie | Een praktische gids voor het onderwerp","description":"Hoe kun je een foundationallergie herkennen en vooral, hoe kun je er effectief mee omgaan? Lees hier onze gids over dit onderwerp!","robots":{"index":"index","follow":"follow","max-snippet":"max-snippet:-1","max-image-preview":"max-image-preview:large","max-video-preview":"max-video-preview:-1"},"canonical":"https:\/\/www.pause-au-naturelle.com\/nl\/2025\/03\/27\/allergie-foundation\/","og_locale":"nl_NL","og_type":"article","og_title":"Allergie au fond de teint | Guide pratique sur le sujet","og_description":"Comment identifier une allergie au fond de teint et surtout, comment la g\u00e9rer efficacement ? Ici, d\u00e9couvrez notre guide sur le sujet !","og_url":"https:\/\/www.pause-au-naturelle.com\/nl\/2025\/03\/27\/allergie-foundation\/","og_site_name":"Pause au Naturelle","article_published_time":"2025-03-27T14:15:30+00:00","article_modified_time":"2025-09-27T09:51:05+00:00","og_image":[{"width":1100,"height":578,"url":"https:\/\/www.pause-au-naturelle.com\/wp-content\/uploads\/2025\/03\/Allergie-au-fond-de-teint.jpg","type":"image\/jpeg"}],"author":"Pause au naturelle","twitter_card":"summary_large_image","twitter_misc":{"Geschreven door":"Pause au naturelle","Geschatte leestijd":"3 minuten"},"schema":{"@context":"https:\/\/schema.org","@graph":[{"@type":"Article","@id":"https:\/\/www.pause-au-naturelle.com\/2025\/03\/27\/allergie-au-fond-de-teint\/#article","isPartOf":{"@id":"https:\/\/www.pause-au-naturelle.com\/2025\/03\/27\/allergie-au-fond-de-teint\/"},"author":{"name":"Pause au naturelle","@id":"https:\/\/www.pause-au-naturelle.com\/#\/schema\/person\/8a6e5bbc38c727382c318184436321a0"},"headline":"Allergie au fond de teint : comment l&rsquo;identifier et la soulager ?","datePublished":"2025-03-27T14:15:30+00:00","dateModified":"2025-09-27T09:51:05+00:00","mainEntityOfPage":{"@id":"https:\/\/www.pause-au-naturelle.com\/2025\/03\/27\/allergie-au-fond-de-teint\/"},"wordCount":552,"publisher":{"@id":"https:\/\/www.pause-au-naturelle.com\/#organization"},"image":{"@id":"https:\/\/www.pause-au-naturelle.com\/2025\/03\/27\/allergie-au-fond-de-teint\/#primaryimage"},"thumbnailUrl":"https:\/\/www.pause-au-naturelle.com\/wp-content\/uploads\/2025\/03\/Allergie-au-fond-de-teint.jpg","articleSection":["Aliments naturels"],"inLanguage":"nl-NL"},{"@type":"WebPage","@id":"https:\/\/www.pause-au-naturelle.com\/2025\/03\/27\/allergie-au-fond-de-teint\/","url":"https:\/\/www.pause-au-naturelle.com\/2025\/03\/27\/allergie-au-fond-de-teint\/","name":"Stichting allergie | Een praktische gids voor het onderwerp","isPartOf":{"@id":"https:\/\/www.pause-au-naturelle.com\/#website"},"primaryImageOfPage":{"@id":"https:\/\/www.pause-au-naturelle.com\/2025\/03\/27\/allergie-au-fond-de-teint\/#primaryimage"},"image":{"@id":"https:\/\/www.pause-au-naturelle.com\/2025\/03\/27\/allergie-au-fond-de-teint\/#primaryimage"},"thumbnailUrl":"https:\/\/www.pause-au-naturelle.com\/wp-content\/uploads\/2025\/03\/Allergie-au-fond-de-teint.jpg","datePublished":"2025-03-27T14:15:30+00:00","dateModified":"2025-09-27T09:51:05+00:00","description":"Hoe kun je een foundationallergie herkennen en vooral, hoe kun je er effectief mee omgaan? Lees hier onze gids over dit onderwerp!","inLanguage":"nl-NL","potentialAction":[{"@type":"ReadAction","target":["https:\/\/www.pause-au-naturelle.com\/2025\/03\/27\/allergie-au-fond-de-teint\/"]}]},{"@type":"ImageObject","inLanguage":"nl-NL","@id":"https:\/\/www.pause-au-naturelle.com\/2025\/03\/27\/allergie-au-fond-de-teint\/#primaryimage","url":"https:\/\/www.pause-au-naturelle.com\/wp-content\/uploads\/2025\/03\/Allergie-au-fond-de-teint.jpg","contentUrl":"https:\/\/www.pause-au-naturelle.com\/wp-content\/uploads\/2025\/03\/Allergie-au-fond-de-teint.jpg","width":1100,"height":578,"caption":"Allergie au fond de teint"},{"@type":"WebSite","@id":"https:\/\/www.pause-au-naturelle.com\/#website","url":"https:\/\/www.pause-au-naturelle.com\/","name":"Pauze in de natuur","description":"","publisher":{"@id":"https:\/\/www.pause-au-naturelle.com\/#organization"},"potentialAction":[{"@type":"SearchAction","target":{"@type":"EntryPoint","urlTemplate":"https:\/\/www.pause-au-naturelle.com\/?s={search_term_string}"},"query-input":{"@type":"PropertyValueSpecification","valueRequired":true,"valueName":"search_term_string"}}],"inLanguage":"nl-NL"},{"@type":"Organization","@id":"https:\/\/www.pause-au-naturelle.com\/#organization","name":"Een natuurlijke onderbreking","url":"https:\/\/www.pause-au-naturelle.com\/","logo":{"@type":"ImageObject","inLanguage":"nl-NL","@id":"https:\/\/www.pause-au-naturelle.com\/#\/schema\/logo\/image\/","url":"https:\/\/www.pause-au-naturelle.com\/wp-content\/uploads\/2020\/06\/logo.png","contentUrl":"https:\/\/www.pause-au-naturelle.com\/wp-content\/uploads\/2020\/06\/logo.png","width":250,"height":250,"caption":"Pause au naturelle"},"image":{"@id":"https:\/\/www.pause-au-naturelle.com\/#\/schema\/logo\/image\/"}},{"@type":"Person","@id":"https:\/\/www.pause-au-naturelle.com\/#\/schema\/person\/8a6e5bbc38c727382c318184436321a0","name":"Een natuurlijke onderbreking","image":{"@type":"ImageObject","inLanguage":"nl-NL","@id":"https:\/\/secure.gravatar.com\/avatar\/2de2f9db297549ce305c8b0151c859e714b1db3894e06c8fa49291b83a622fc4?s=96&d=mm&r=g","url":"https:\/\/secure.gravatar.com\/avatar\/2de2f9db297549ce305c8b0151c859e714b1db3894e06c8fa49291b83a622fc4?s=96&d=mm&r=g","contentUrl":"https:\/\/secure.gravatar.com\/avatar\/2de2f9db297549ce305c8b0151c859e714b1db3894e06c8fa49291b83a622fc4?s=96&d=mm&r=g","caption":"Pause au naturelle"},"url":"https:\/\/www.pause-au-naturelle.com\/nl\/author\/najima\/"}]}},"_links":{"self":[{"href":"https:\/\/www.pause-au-naturelle.com\/nl\/wp-json\/wp\/v2\/posts\/13744","targetHints":{"allow":["GET"]}}],"collection":[{"href":"https:\/\/www.pause-au-naturelle.com\/nl\/wp-json\/wp\/v2\/posts"}],"about":[{"href":"https:\/\/www.pause-au-naturelle.com\/nl\/wp-json\/wp\/v2\/types\/post"}],"author":[{"embeddable":true,"href":"https:\/\/www.pause-au-naturelle.com\/nl\/wp-json\/wp\/v2\/users\/1"}],"replies":[{"embeddable":true,"href":"https:\/\/www.pause-au-naturelle.com\/nl\/wp-json\/wp\/v2\/comments?post=13744"}],"version-history":[{"count":1,"href":"https:\/\/www.pause-au-naturelle.com\/nl\/wp-json\/wp\/v2\/posts\/13744\/revisions"}],"predecessor-version":[{"id":13746,"href":"https:\/\/www.pause-au-naturelle.com\/nl\/wp-json\/wp\/v2\/posts\/13744\/revisions\/13746"}],"wp:featuredmedia":[{"embeddable":true,"href":"https:\/\/www.pause-au-naturelle.com\/nl\/wp-json\/wp\/v2\/media\/13745"}],"wp:attachment":[{"href":"https:\/\/www.pause-au-naturelle.com\/nl\/wp-json\/wp\/v2\/media?parent=13744"}],"wp:term":[{"taxonomy":"category","embeddable":true,"href":"https:\/\/www.pause-au-naturelle.com\/nl\/wp-json\/wp\/v2\/categories?post=13744"},{"taxonomy":"post_tag","embeddable":true,"href":"https:\/\/www.pause-au-naturelle.com\/nl\/wp-json\/wp\/v2\/tags?post=13744"}],"curies":[{"name":"wp","href":"https:\/\/api.w.org\/{rel}","templated":true}]}}