{"id":6523,"date":"2020-03-15T23:02:43","date_gmt":"2020-03-15T23:02:43","guid":{"rendered":"https:\/\/www.pause-au-naturelle.com\/?p=6523"},"modified":"2023-02-26T22:27:13","modified_gmt":"2023-02-26T22:27:13","slug":"gedroogd-fruit","status":"publish","type":"post","link":"https:\/\/www.pause-au-naturelle.com\/nl\/2020\/03\/15\/fruits-secs\/","title":{"rendered":"L\u2019int\u00e9r\u00eat de consommer des fruits secs au quotidien"},"content":{"rendered":"\n<p>Les fruits secs sont des petites friandises pauvres en eau tr\u00e8s bonnes pour la sant\u00e9. Consomm\u00e9e de fa\u00e7on mod\u00e9r\u00e9e, lors de petites collations, ils requinquent tr\u00e8s vite. V\u00e9ritable plaisir en bouche,  ils sont une source d&rsquo;\u00e9nergie non n\u00e9gligeable.<\/p>\n\n\n\n<p>Riches en vitamine A, oligo\u00e9l\u00e9ments (magn\u00e9sium, calcium et phosphore) et mati\u00e8res grasses (lipides), ils en existent des centaines. Alors comment les reconna\u00eetre ?<\/p>\n\n\n\n<h2 class=\"wp-block-heading\"><strong>&nbsp;La classification des fruits secs<\/strong><\/h2>\n\n\n\n<p>Les fruits secs ne concernent pas uniquement les fruits d\u00e9shydrat\u00e9s. Ils comprennent aussi les fruits \u00e0 coques ainsi que toute une multitude de graines. C\u2019est ce qu\u2019on appelle dans le jargon de l\u2019alimentation \u00ab&nbsp;les ol\u00e9agineux&nbsp;\u00bb. Ils d\u00e9signent aussi tous les aliments v\u00e9g\u00e9taux ayant une base huileuse.<\/p>\n\n\n\n<p>&nbsp;En substance, il s\u2019agit des noix, de la pistache, des graines de courges, des amandes (que vous pouvez retrouver dans notre <strong><a href=\"https:\/\/www.pause-au-naturelle.com\/cat\u00e9gorie-produit\/alimentation-saine\/amlou\/\">amlou<\/a><\/strong>) ou des pignons\u2026<\/p>\n\n\n\n<p> Mais aussi les bananes s\u00e9ch\u00e9es, les pruneaux, noix de coco r\u00e2p\u00e9e&#8230;<\/p>\n\n\n\n<p>&nbsp;La liste est longue. Les nutritionnistes recommandent leur consommation pour contrer le surplus de mauvaises graisses.<\/p>\n\n\n\n<h2 class=\"wp-block-heading\"><strong>&nbsp;Pourquoi sont-ils \u00e0 privil\u00e9gier dans notre alimentation ?<\/strong><\/h2>\n\n\n\n<p>&nbsp;&nbsp;Les fruits secs ol\u00e9agineux sont gorg\u00e9s de prot\u00e9ines et de graisses d\u2019origine v\u00e9g\u00e9tale. L\u2019alimentation europ\u00e9enne est marqu\u00e9e par une trop forte consommation de viande et de produits laitiers. Seulement, les mati\u00e8res grasses issues de ces aliments sont n\u00e9fastes \u00e0 outrance. Cet apport trop important en acides gras est \u00e0 l\u2019origine de la multiplication des probl\u00e8mes cardio-vasculaires et du surpoids. A contrario, une alimentation ma\u00eetris\u00e9e en&nbsp;&nbsp;fruits secs r\u00e9\u00e9quilibre les doses en macronutriments. En effet, les lipides v\u00e9g\u00e9tales pr\u00e9sentes dans les ol\u00e9agineux sont des acides gras insatur\u00e9s. Ceux dont l\u2019organisme a besoin pour r\u00e9guler le transit intestinal. Mais aussi ceux que le corps a besoin et doit assimiler (om\u00e9ga 3,6 et 9).<\/p>\n\n\n\n<h3 class=\"wp-block-heading\"><strong>Des bienfaits innombrables pour la sant\u00e9<\/strong><\/h3>\n\n\n\n<p>Les fruits secs permettent de combler la faim. Il joue un r\u00f4le pr\u00e9pond\u00e9rant dans la sati\u00e9t\u00e9. Leur consommation intelligente au cours d\u2019un repas r\u00e9\u00e9quilibre intelligemment les apports caloriques journaliers. De plus, ils ont un r\u00f4le pr\u00e9ventif au niveau de la sant\u00e9. Ils r\u00e9gulent parfaitement le taux de glyc\u00e9mie dans le sang. Leur action contre le mauvais cholest\u00e9rol est approuv\u00e9e. Tout en r\u00e9duisant l\u2019app\u00e9tit, ils sont excellents et pr\u00e9viennent certains types de cancers. Cependant, parce qu\u2019il y a un petit b\u00e9mol. Certains ol\u00e9agineux sont des allerg\u00e8nes et peuvent ne pas \u00eatre support\u00e9s par tous.<\/p>\n\n\n\n<h3 class=\"wp-block-heading\"><strong>Comment int\u00e9grer intelligemment des graines et fruits secs dans les plats&nbsp;?<\/strong><\/h3>\n\n\n\n<p>&nbsp;Si vous manquez d\u2019ing\u00e9niosit\u00e9, le mieux consiste \u00e0 les int\u00e9grer strat\u00e9giquement au cours de repas sains et \u00e9quilibr\u00e9s.<\/p>\n\n\n\n<p>C\u2019est dans les salades que les cocktails ol\u00e9agineux s\u2019expriment \u00e0 merveille. Qu\u2019ils s\u2019agissent de graines de courges, pignon de pins ou de noix en tout genre, ces sources de fibres sont un r\u00e9gal et renforcent les verdures qui les accompagnent.<\/p>\n\n\n\n<p>&nbsp;Dans certaines cultures comme au Maghreb, il est fr\u00e9quent de m\u00e9langer au c\u00f4t\u00e9 de la semoule, des l\u00e9gumes et de la viande, puis toute une s\u00e9rie de fruits secs qui d\u00e9corent les plats. C\u2019est le cas des abricots secs et des raisins secs dans le couscous ou des amandes dans les tajines.<\/p>\n\n\n\n<p>&nbsp;Dans des desserts sucr\u00e9s, il est tout \u00e0 fait possible d\u2019user de jugeote en incorporant des noisettes ou des noix de macadamia.<\/p>\n\n\n\n<p>&nbsp;Bref, les fruits secs sont excellents pour la sant\u00e9. Pensez \u00e0 les manger raisonnablement ou \u00e0 des moments bien pr\u00e9cis.&nbsp;<\/p>\n\n\n\n[thrive_leads id=&rsquo;6156&prime;]\n","protected":false},"excerpt":{"rendered":"<p>Les fruits secs sont des petites friandises pauvres en eau tr\u00e8s bonnes pour la sant\u00e9. Consomm\u00e9e de fa\u00e7on mod\u00e9r\u00e9e, lors de petites collations, ils requinquent tr\u00e8s vite. V\u00e9ritable plaisir en bouche,  ils sont une source d&rsquo;\u00e9nergie non n\u00e9gligeable [&#8230;]\n","protected":false},"author":1,"featured_media":9039,"comment_status":"open","ping_status":"open","sticky":false,"template":"","format":"standard","meta":{"footnotes":""},"categories":[1],"tags":[],"class_list":["post-6523","post","type-post","status-publish","format-standard","has-post-thumbnail","hentry","category-aliments-naturels"],"yoast_head":"<!-- This site is optimized with the Yoast SEO plugin v27.3 - https:\/\/yoast.com\/product\/yoast-seo-wordpress\/ -->\n<title>Les fruits secs: une aubaine pour la sant\u00e9 au quotidien<\/title>\n<meta name=\"description\" content=\"Les fruits secs sont des aliments sains pour la sant\u00e9. Ils font leur retour en force ces derni\u00e8res ann\u00e9es. Quel est l&#039;int\u00e9r\u00eat d&#039;en manger tous les jours?\" \/>\n<meta name=\"robots\" content=\"index, follow, max-snippet:-1, max-image-preview:large, max-video-preview:-1\" \/>\n<link rel=\"canonical\" href=\"https:\/\/www.pause-au-naturelle.com\/nl\/2020\/03\/15\/gedroogd-fruit\/\" \/>\n<meta property=\"og:locale\" content=\"nl_NL\" \/>\n<meta property=\"og:type\" content=\"article\" \/>\n<meta property=\"og:title\" content=\"Les fruits secs: une aubaine pour la sant\u00e9 au quotidien\" \/>\n<meta property=\"og:description\" content=\"Les fruits secs sont des aliments sains pour la sant\u00e9. Ils font leur retour en force ces derni\u00e8res ann\u00e9es. Quel est l&#039;int\u00e9r\u00eat d&#039;en manger tous les jours?\" \/>\n<meta property=\"og:url\" content=\"https:\/\/www.pause-au-naturelle.com\/nl\/2020\/03\/15\/gedroogd-fruit\/\" \/>\n<meta property=\"og:site_name\" content=\"Pause au Naturelle\" \/>\n<meta property=\"article:published_time\" content=\"2020-03-15T23:02:43+00:00\" \/>\n<meta property=\"article:modified_time\" content=\"2023-02-26T22:27:13+00:00\" \/>\n<meta property=\"og:image\" content=\"https:\/\/www.pause-au-naturelle.com\/wp-content\/uploads\/2020\/03\/consommer-fruit-sec.jpg\" \/>\n\t<meta property=\"og:image:width\" content=\"1078\" \/>\n\t<meta property=\"og:image:height\" content=\"795\" \/>\n\t<meta property=\"og:image:type\" content=\"image\/jpeg\" \/>\n<meta name=\"author\" content=\"Pause au naturelle\" \/>\n<meta name=\"twitter:card\" content=\"summary_large_image\" \/>\n<meta name=\"twitter:label1\" content=\"Geschreven door\" \/>\n\t<meta name=\"twitter:data1\" content=\"Pause au naturelle\" \/>\n\t<meta name=\"twitter:label2\" content=\"Geschatte leestijd\" \/>\n\t<meta name=\"twitter:data2\" content=\"3 minuten\" \/>\n<script type=\"application\/ld+json\" class=\"yoast-schema-graph\">{\"@context\":\"https:\\\/\\\/schema.org\",\"@graph\":[{\"@type\":\"Article\",\"@id\":\"https:\\\/\\\/www.pause-au-naturelle.com\\\/2020\\\/03\\\/15\\\/fruits-secs\\\/#article\",\"isPartOf\":{\"@id\":\"https:\\\/\\\/www.pause-au-naturelle.com\\\/2020\\\/03\\\/15\\\/fruits-secs\\\/\"},\"author\":{\"name\":\"Pause au naturelle\",\"@id\":\"https:\\\/\\\/www.pause-au-naturelle.com\\\/#\\\/schema\\\/person\\\/8a6e5bbc38c727382c318184436321a0\"},\"headline\":\"L\u2019int\u00e9r\u00eat de consommer des fruits secs au quotidien\",\"datePublished\":\"2020-03-15T23:02:43+00:00\",\"dateModified\":\"2023-02-26T22:27:13+00:00\",\"mainEntityOfPage\":{\"@id\":\"https:\\\/\\\/www.pause-au-naturelle.com\\\/2020\\\/03\\\/15\\\/fruits-secs\\\/\"},\"wordCount\":658,\"commentCount\":0,\"publisher\":{\"@id\":\"https:\\\/\\\/www.pause-au-naturelle.com\\\/#organization\"},\"image\":{\"@id\":\"https:\\\/\\\/www.pause-au-naturelle.com\\\/2020\\\/03\\\/15\\\/fruits-secs\\\/#primaryimage\"},\"thumbnailUrl\":\"https:\\\/\\\/www.pause-au-naturelle.com\\\/wp-content\\\/uploads\\\/2020\\\/03\\\/consommer-fruit-sec.jpg\",\"articleSection\":[\"Aliments naturels\"],\"inLanguage\":\"nl-NL\"},{\"@type\":\"WebPage\",\"@id\":\"https:\\\/\\\/www.pause-au-naturelle.com\\\/2020\\\/03\\\/15\\\/fruits-secs\\\/\",\"url\":\"https:\\\/\\\/www.pause-au-naturelle.com\\\/2020\\\/03\\\/15\\\/fruits-secs\\\/\",\"name\":\"Les fruits secs: une aubaine pour la sant\u00e9 au quotidien\",\"isPartOf\":{\"@id\":\"https:\\\/\\\/www.pause-au-naturelle.com\\\/#website\"},\"primaryImageOfPage\":{\"@id\":\"https:\\\/\\\/www.pause-au-naturelle.com\\\/2020\\\/03\\\/15\\\/fruits-secs\\\/#primaryimage\"},\"image\":{\"@id\":\"https:\\\/\\\/www.pause-au-naturelle.com\\\/2020\\\/03\\\/15\\\/fruits-secs\\\/#primaryimage\"},\"thumbnailUrl\":\"https:\\\/\\\/www.pause-au-naturelle.com\\\/wp-content\\\/uploads\\\/2020\\\/03\\\/consommer-fruit-sec.jpg\",\"datePublished\":\"2020-03-15T23:02:43+00:00\",\"dateModified\":\"2023-02-26T22:27:13+00:00\",\"description\":\"Les fruits secs sont des aliments sains pour la sant\u00e9. Ils font leur retour en force ces derni\u00e8res ann\u00e9es. Quel est l'int\u00e9r\u00eat d'en manger tous les jours?\",\"inLanguage\":\"nl-NL\",\"potentialAction\":[{\"@type\":\"ReadAction\",\"target\":[\"https:\\\/\\\/www.pause-au-naturelle.com\\\/2020\\\/03\\\/15\\\/fruits-secs\\\/\"]}]},{\"@type\":\"ImageObject\",\"inLanguage\":\"nl-NL\",\"@id\":\"https:\\\/\\\/www.pause-au-naturelle.com\\\/2020\\\/03\\\/15\\\/fruits-secs\\\/#primaryimage\",\"url\":\"https:\\\/\\\/www.pause-au-naturelle.com\\\/wp-content\\\/uploads\\\/2020\\\/03\\\/consommer-fruit-sec.jpg\",\"contentUrl\":\"https:\\\/\\\/www.pause-au-naturelle.com\\\/wp-content\\\/uploads\\\/2020\\\/03\\\/consommer-fruit-sec.jpg\",\"width\":1078,\"height\":795},{\"@type\":\"WebSite\",\"@id\":\"https:\\\/\\\/www.pause-au-naturelle.com\\\/#website\",\"url\":\"https:\\\/\\\/www.pause-au-naturelle.com\\\/\",\"name\":\"Pause au Naturelle\",\"description\":\"\",\"publisher\":{\"@id\":\"https:\\\/\\\/www.pause-au-naturelle.com\\\/#organization\"},\"potentialAction\":[{\"@type\":\"SearchAction\",\"target\":{\"@type\":\"EntryPoint\",\"urlTemplate\":\"https:\\\/\\\/www.pause-au-naturelle.com\\\/?s={search_term_string}\"},\"query-input\":{\"@type\":\"PropertyValueSpecification\",\"valueRequired\":true,\"valueName\":\"search_term_string\"}}],\"inLanguage\":\"nl-NL\"},{\"@type\":\"Organization\",\"@id\":\"https:\\\/\\\/www.pause-au-naturelle.com\\\/#organization\",\"name\":\"Pause au naturelle\",\"url\":\"https:\\\/\\\/www.pause-au-naturelle.com\\\/\",\"logo\":{\"@type\":\"ImageObject\",\"inLanguage\":\"nl-NL\",\"@id\":\"https:\\\/\\\/www.pause-au-naturelle.com\\\/#\\\/schema\\\/logo\\\/image\\\/\",\"url\":\"https:\\\/\\\/www.pause-au-naturelle.com\\\/wp-content\\\/uploads\\\/2020\\\/06\\\/logo.png\",\"contentUrl\":\"https:\\\/\\\/www.pause-au-naturelle.com\\\/wp-content\\\/uploads\\\/2020\\\/06\\\/logo.png\",\"width\":250,\"height\":250,\"caption\":\"Pause au naturelle\"},\"image\":{\"@id\":\"https:\\\/\\\/www.pause-au-naturelle.com\\\/#\\\/schema\\\/logo\\\/image\\\/\"}},{\"@type\":\"Person\",\"@id\":\"https:\\\/\\\/www.pause-au-naturelle.com\\\/#\\\/schema\\\/person\\\/8a6e5bbc38c727382c318184436321a0\",\"name\":\"Pause au naturelle\",\"image\":{\"@type\":\"ImageObject\",\"inLanguage\":\"nl-NL\",\"@id\":\"https:\\\/\\\/secure.gravatar.com\\\/avatar\\\/2de2f9db297549ce305c8b0151c859e714b1db3894e06c8fa49291b83a622fc4?s=96&d=mm&r=g\",\"url\":\"https:\\\/\\\/secure.gravatar.com\\\/avatar\\\/2de2f9db297549ce305c8b0151c859e714b1db3894e06c8fa49291b83a622fc4?s=96&d=mm&r=g\",\"contentUrl\":\"https:\\\/\\\/secure.gravatar.com\\\/avatar\\\/2de2f9db297549ce305c8b0151c859e714b1db3894e06c8fa49291b83a622fc4?s=96&d=mm&r=g\",\"caption\":\"Pause au naturelle\"},\"url\":\"https:\\\/\\\/www.pause-au-naturelle.com\\\/nl\\\/author\\\/najima\\\/\"}]}<\/script>\n<!-- \/ Yoast SEO plugin. -->","yoast_head_json":{"title":"Gedroogd fruit: een dagelijkse weldaad voor de gezondheid","description":"Gedroogd fruit is gezond voedsel. Ze hebben de laatste jaren een comeback gemaakt. Waarom zou je ze elke dag eten?","robots":{"index":"index","follow":"follow","max-snippet":"max-snippet:-1","max-image-preview":"max-image-preview:large","max-video-preview":"max-video-preview:-1"},"canonical":"https:\/\/www.pause-au-naturelle.com\/nl\/2020\/03\/15\/gedroogd-fruit\/","og_locale":"nl_NL","og_type":"article","og_title":"Les fruits secs: une aubaine pour la sant\u00e9 au quotidien","og_description":"Les fruits secs sont des aliments sains pour la sant\u00e9. Ils font leur retour en force ces derni\u00e8res ann\u00e9es. Quel est l'int\u00e9r\u00eat d'en manger tous les jours?","og_url":"https:\/\/www.pause-au-naturelle.com\/nl\/2020\/03\/15\/gedroogd-fruit\/","og_site_name":"Pause au Naturelle","article_published_time":"2020-03-15T23:02:43+00:00","article_modified_time":"2023-02-26T22:27:13+00:00","og_image":[{"width":1078,"height":795,"url":"https:\/\/www.pause-au-naturelle.com\/wp-content\/uploads\/2020\/03\/consommer-fruit-sec.jpg","type":"image\/jpeg"}],"author":"Pause au naturelle","twitter_card":"summary_large_image","twitter_misc":{"Geschreven door":"Pause au naturelle","Geschatte leestijd":"3 minuten"},"schema":{"@context":"https:\/\/schema.org","@graph":[{"@type":"Article","@id":"https:\/\/www.pause-au-naturelle.com\/2020\/03\/15\/fruits-secs\/#article","isPartOf":{"@id":"https:\/\/www.pause-au-naturelle.com\/2020\/03\/15\/fruits-secs\/"},"author":{"name":"Pause au naturelle","@id":"https:\/\/www.pause-au-naturelle.com\/#\/schema\/person\/8a6e5bbc38c727382c318184436321a0"},"headline":"L\u2019int\u00e9r\u00eat de consommer des fruits secs au quotidien","datePublished":"2020-03-15T23:02:43+00:00","dateModified":"2023-02-26T22:27:13+00:00","mainEntityOfPage":{"@id":"https:\/\/www.pause-au-naturelle.com\/2020\/03\/15\/fruits-secs\/"},"wordCount":658,"commentCount":0,"publisher":{"@id":"https:\/\/www.pause-au-naturelle.com\/#organization"},"image":{"@id":"https:\/\/www.pause-au-naturelle.com\/2020\/03\/15\/fruits-secs\/#primaryimage"},"thumbnailUrl":"https:\/\/www.pause-au-naturelle.com\/wp-content\/uploads\/2020\/03\/consommer-fruit-sec.jpg","articleSection":["Aliments naturels"],"inLanguage":"nl-NL"},{"@type":"WebPage","@id":"https:\/\/www.pause-au-naturelle.com\/2020\/03\/15\/fruits-secs\/","url":"https:\/\/www.pause-au-naturelle.com\/2020\/03\/15\/fruits-secs\/","name":"Gedroogd fruit: een dagelijkse weldaad voor de gezondheid","isPartOf":{"@id":"https:\/\/www.pause-au-naturelle.com\/#website"},"primaryImageOfPage":{"@id":"https:\/\/www.pause-au-naturelle.com\/2020\/03\/15\/fruits-secs\/#primaryimage"},"image":{"@id":"https:\/\/www.pause-au-naturelle.com\/2020\/03\/15\/fruits-secs\/#primaryimage"},"thumbnailUrl":"https:\/\/www.pause-au-naturelle.com\/wp-content\/uploads\/2020\/03\/consommer-fruit-sec.jpg","datePublished":"2020-03-15T23:02:43+00:00","dateModified":"2023-02-26T22:27:13+00:00","description":"Gedroogd fruit is gezond voedsel. Ze hebben de laatste jaren een comeback gemaakt. Waarom zou je ze elke dag eten?","inLanguage":"nl-NL","potentialAction":[{"@type":"ReadAction","target":["https:\/\/www.pause-au-naturelle.com\/2020\/03\/15\/fruits-secs\/"]}]},{"@type":"ImageObject","inLanguage":"nl-NL","@id":"https:\/\/www.pause-au-naturelle.com\/2020\/03\/15\/fruits-secs\/#primaryimage","url":"https:\/\/www.pause-au-naturelle.com\/wp-content\/uploads\/2020\/03\/consommer-fruit-sec.jpg","contentUrl":"https:\/\/www.pause-au-naturelle.com\/wp-content\/uploads\/2020\/03\/consommer-fruit-sec.jpg","width":1078,"height":795},{"@type":"WebSite","@id":"https:\/\/www.pause-au-naturelle.com\/#website","url":"https:\/\/www.pause-au-naturelle.com\/","name":"Pauze in de natuur","description":"","publisher":{"@id":"https:\/\/www.pause-au-naturelle.com\/#organization"},"potentialAction":[{"@type":"SearchAction","target":{"@type":"EntryPoint","urlTemplate":"https:\/\/www.pause-au-naturelle.com\/?s={search_term_string}"},"query-input":{"@type":"PropertyValueSpecification","valueRequired":true,"valueName":"search_term_string"}}],"inLanguage":"nl-NL"},{"@type":"Organization","@id":"https:\/\/www.pause-au-naturelle.com\/#organization","name":"Een natuurlijke onderbreking","url":"https:\/\/www.pause-au-naturelle.com\/","logo":{"@type":"ImageObject","inLanguage":"nl-NL","@id":"https:\/\/www.pause-au-naturelle.com\/#\/schema\/logo\/image\/","url":"https:\/\/www.pause-au-naturelle.com\/wp-content\/uploads\/2020\/06\/logo.png","contentUrl":"https:\/\/www.pause-au-naturelle.com\/wp-content\/uploads\/2020\/06\/logo.png","width":250,"height":250,"caption":"Pause au naturelle"},"image":{"@id":"https:\/\/www.pause-au-naturelle.com\/#\/schema\/logo\/image\/"}},{"@type":"Person","@id":"https:\/\/www.pause-au-naturelle.com\/#\/schema\/person\/8a6e5bbc38c727382c318184436321a0","name":"Een natuurlijke onderbreking","image":{"@type":"ImageObject","inLanguage":"nl-NL","@id":"https:\/\/secure.gravatar.com\/avatar\/2de2f9db297549ce305c8b0151c859e714b1db3894e06c8fa49291b83a622fc4?s=96&d=mm&r=g","url":"https:\/\/secure.gravatar.com\/avatar\/2de2f9db297549ce305c8b0151c859e714b1db3894e06c8fa49291b83a622fc4?s=96&d=mm&r=g","contentUrl":"https:\/\/secure.gravatar.com\/avatar\/2de2f9db297549ce305c8b0151c859e714b1db3894e06c8fa49291b83a622fc4?s=96&d=mm&r=g","caption":"Pause au naturelle"},"url":"https:\/\/www.pause-au-naturelle.com\/nl\/author\/najima\/"}]}},"_links":{"self":[{"href":"https:\/\/www.pause-au-naturelle.com\/nl\/wp-json\/wp\/v2\/posts\/6523","targetHints":{"allow":["GET"]}}],"collection":[{"href":"https:\/\/www.pause-au-naturelle.com\/nl\/wp-json\/wp\/v2\/posts"}],"about":[{"href":"https:\/\/www.pause-au-naturelle.com\/nl\/wp-json\/wp\/v2\/types\/post"}],"author":[{"embeddable":true,"href":"https:\/\/www.pause-au-naturelle.com\/nl\/wp-json\/wp\/v2\/users\/1"}],"replies":[{"embeddable":true,"href":"https:\/\/www.pause-au-naturelle.com\/nl\/wp-json\/wp\/v2\/comments?post=6523"}],"version-history":[{"count":1,"href":"https:\/\/www.pause-au-naturelle.com\/nl\/wp-json\/wp\/v2\/posts\/6523\/revisions"}],"predecessor-version":[{"id":9041,"href":"https:\/\/www.pause-au-naturelle.com\/nl\/wp-json\/wp\/v2\/posts\/6523\/revisions\/9041"}],"wp:featuredmedia":[{"embeddable":true,"href":"https:\/\/www.pause-au-naturelle.com\/nl\/wp-json\/wp\/v2\/media\/9039"}],"wp:attachment":[{"href":"https:\/\/www.pause-au-naturelle.com\/nl\/wp-json\/wp\/v2\/media?parent=6523"}],"wp:term":[{"taxonomy":"category","embeddable":true,"href":"https:\/\/www.pause-au-naturelle.com\/nl\/wp-json\/wp\/v2\/categories?post=6523"},{"taxonomy":"post_tag","embeddable":true,"href":"https:\/\/www.pause-au-naturelle.com\/nl\/wp-json\/wp\/v2\/tags?post=6523"}],"curies":[{"name":"wp","href":"https:\/\/api.w.org\/{rel}","templated":true}]}}