{"id":7971,"date":"2021-05-04T20:18:03","date_gmt":"2021-05-04T20:18:03","guid":{"rendered":"https:\/\/www.pause-au-naturelle.com\/?p=7971"},"modified":"2023-02-26T21:39:55","modified_gmt":"2023-02-26T21:39:55","slug":"hoe-je-de-hele-dag-een-goede-adem-hebt","status":"publish","type":"post","link":"https:\/\/www.pause-au-naturelle.com\/nl\/2021\/05\/04\/comment-avoir-une-bonne-haleine-toute-la-journee\/","title":{"rendered":"Comment avoir une bonne haleine toute la journ\u00e9e ?"},"content":{"rendered":"<p>L&rsquo;image que tiennent les femmes quant \u00e0 leur repr\u00e9sentation visuelle aux yeux d&rsquo;autrui est v\u00e9cue comme essentielle. Cet aspect ext\u00e9rieur rev\u00eat ainsi la toute premi\u00e8re forme qui appara\u00eet aux regards. Seulement, nos sens captent l&rsquo;environnement au-del\u00e0 de la vue. Ainsi, les odeurs des individus jouent \u00e9galement un r\u00f4le de taille quant \u00e0 l&rsquo;\u00e9thique des personnes.&nbsp;<strong>Goede adem<\/strong>&nbsp;semble s&rsquo;apparenter \u00e0 la tenue d&rsquo;une bonne hygi\u00e8ne. C&rsquo;est pour cela que le parfum est tr\u00e8s en vogue \u00e0 chaque g\u00e9n\u00e9ration. Il est une odeur pourtant bien personnelle et naturelle qu&rsquo;il ne faut pas oublier de soigner&#8230;celle de la bouche ! Cette caract\u00e9ristique corporelle peut quelquefois s&rsquo;av\u00e9rer \u00eatre un facteur nuisible \u00e0 son entourage. C&rsquo;est dans un souci de protection d&rsquo;une haleine fra\u00eeche et saine que nous vous donnons ici quelques conseils et astuces. Optez donc pour&nbsp;<strong>hebben<\/strong>&nbsp;<strong>une bonne haleine toute la journ\u00e9e&nbsp;<\/strong>!<\/p>\n\n\n\n<h2 class=\"wp-block-heading\"><strong>Veelvoorkomende oorzaken van slechte adem<\/strong><\/h2>\n\n\n\n<p>La mauvaise haleine est appel\u00e9e \u00a0\u00bbhalitose\u00a0\u00bb dans son appellation m\u00e9dicale et elle provient de causes identifiables. Chimiquement, elle est compos\u00e9e d&rsquo;\u00e9l\u00e9ments extr\u00eamement volatils, notamment des soufr\u00e9s d&rsquo;hydrog\u00e8ne sulfur\u00e9s. Un halim\u00e8tre permet m\u00eame d&rsquo;en obtenir la mesure.<\/p>\n\n\n\n<h3 class=\"wp-block-heading\"><strong>La multiplication des bact\u00e9ries au c\u0153ur de la zone bucco-dentaire<\/strong><\/h3>\n\n\n\n<p>Au cours de la journ\u00e9e, des bact\u00e9ries extr\u00eamement nombreuses s&rsquo;accumulent dans la bouche. On parle de milliards de bact\u00e9ries pr\u00e9sentes en zone buccale. C&rsquo;est pourquoi un brossage r\u00e9gulier des dents est n\u00e9cessaire \u00e0 prendre en compte. Celui- ci doit \u00eatre effectu\u00e9 apr\u00e8s chaque repas mais ne pas \u00eatre effectu\u00e9 plus de 3 fois par jour. Il est \u00e0 savoir que lors du brossage des dents, il faut aussi r\u00e9aliser un brossage de la langue et des gencives. Une langue saine est une langue color\u00e9e d&rsquo;un rose clair et ne doit donc pas \u00eatre blanche. La langue est le r\u00e9ceptacle des sensations gustatives puisqu&rsquo;elle est le lieu o\u00f9 si\u00e8gent les papilles. Il faut donc s&rsquo;attacher \u00e0 frotter cette partie et surtout sa face post\u00e9rieure car les papilles y sont plus nombreuses. C&rsquo;est dans les sillons de la langue que sont pr\u00e9sents les agents bact\u00e9riens. Pour la tenue de vos gencives, effectuez un brossage tout en douceur \u00e0 l\u2019aide d\u2019un&nbsp;<a href=\"https:\/\/www.pause-au-naturelle.com\/nl\/product\/tandpasta-met-kruidnagel\/\">tandpasta met kruidnagel<\/a>. Werk altijd vanaf de bovenkant van het tandvlees naar de tandwortel toe om bloeden te voorkomen.&nbsp;<\/p>\n\n\n\n<p>Vous pouvez \u00e9galement vous munir d&rsquo;un fil dentaire et le faire travailler chaque soir. Celui-ci a pour int\u00e9r\u00eat de vous d\u00e9barrasser des d\u00e9bris que l&rsquo;on trouve coinc\u00e9s entre les dents. La brossette dentaire suit aussi le m\u00eame objectif. Elle \u00e9vite que les r\u00e9sidus se calcifient et engendrent avec le temps une odeur naus\u00e9abonde. D\u2019ailleurs, cette mauvaise odeur est constat\u00e9e lorsque le dentiste proc\u00e8de au d\u00e9tartrage et que les dit morceaux tombent dans la bouche. Faites-en donc bon usage.<\/p>\n\n\n\n<h3 class=\"wp-block-heading\"><strong>L\u2019action moindre de la salive au cours de la phase de sommeil<\/strong><\/h3>\n\n\n\n<p>G\u00e9n\u00e9ralement, avoir une bonne haleine d\u00e8s le r\u00e9veil est d\u00e9licat. Certaines personnes comme les fumeurs ont une odeur d\u2019autant plus naus\u00e9abonde. Manger certains aliments le soir comme l\u2019ail peuvent aussi accentuer l\u2019haleine d\u00e8s le r\u00e9veil.<\/p>\n\n\n\n<p>Cependant, cette odeur est tout \u00e0 fait naturelle au lever. En effet, lorsque l\u2019on dort, la salivation n\u2019exerce plus son r\u00f4le comme \u00e0 l\u2019\u00e9tat d\u2019\u00e9veil. Car la salive est une protection naturelle pour notre bouche. Elle permet de neutraliser l\u2019acidit\u00e9 buccale.&nbsp;<\/p>\n\n\n\n<p>Quand on dort, on ne salive plus comme \u00e0 l&rsquo;\u00e9tat de veille. La salive qui m\u00e8ne une action purificatrice au cours de la journ\u00e9e joue donc un r\u00f4le moindre. Ceci a pour cons\u00e9quence de se r\u00e9veiller avec une mauvaise haleine. Manger ou boire quelque chose d\u00e8s le r\u00e9veil fait dispara\u00eetre cela imm\u00e9diatement.<\/p>\n\n\n\n<h2 class=\"wp-block-heading\"><strong>Les diff\u00e9rents moyens pour avoir une haleine impeccable<\/strong><\/h2>\n\n\n\n<p>Il existe beaucoup de solutions pour avoir une bonne haleine sur la dur\u00e9e. Certaines d\u2019entre elles sont des recettes d\u00e9j\u00e0 connues du plus grand nombre. Mais il se pourrait aussi que vous appreniez aussi de nouvelles astuces. Celles-ci h&nbsp;&nbsp;pourraient vous surprendre par leur ing\u00e9niosit\u00e9 lorsque vous n\u2019avez pas d\u2019autres recours.<\/p>\n\n\n\n<h3 class=\"wp-block-heading\"><strong>Oplossingen in je glas<\/strong><\/h3>\n\n\n\n<p>Le bicarbonate de soude trouve son utilisation dans le traitement des mauvaises odeurs provoqu\u00e9es par la bouche. Pour ce faire, ayez recours \u00e0 une cuill\u00e8re \u00e0 caf\u00e9 du produit dilu\u00e9 dans un verre d&rsquo;eau. Ensuite, effectuez un gargarisme d&rsquo;une trentaine de secondes pour en voir les effets. Cette action antibact\u00e9rienne est efficace. Elle est aussi utilis\u00e9e pour att\u00e9nuer les maux de gorge.<\/p>\n\n\n\n<p>\u00c9galement pour vous, le&nbsp;<a href=\"https:\/\/www.pause-au-naturelle.com\/nl\/product\/biologische-kokosnoot-houtskool\/\">charbon v\u00e9g\u00e9tal<\/a>. En effet, celui-ci est un excellent moyen d&rsquo;absorber les nombreuses bact\u00e9ries ainsi que les toxines. Ce compl\u00e9ment alimentaire est \u00e0 diluer dans un verre d&rsquo;eau \u00e0 raison d&rsquo;une cuill\u00e8re \u00e0 caf\u00e9 apr\u00e8s chaque repas. Buvez le tout pour annihiler les bact\u00e9ries rapidement et avoir une bonne haleine toute la matin\u00e9e.&nbsp;<\/p>\n\n\n\n<p>M\u00e9thode beaucoup plus tendance, vous pouvez aussi recourir aux solutions pour bain de bouche disponible en magasin. En revanche, ceux-ci modifie \u00e0 terme le PH et sont abrasifs.<\/p>\n\n\n\n<h3 class=\"wp-block-heading\"><strong>Avoir une bonne haleine gr\u00e2ce aux m\u00e9thodes naturelles<\/strong><\/h3>\n\n\n\n<p>Verschillende tafelvoedingsmiddelen zijn ook goede manieren om&nbsp;<strong>optimale ademhaling bereiken<\/strong>. Vous pouvez par exemple utiliser le citron press\u00e9 dans un jus car celui-ci est un antiseptique vertueux. L&rsquo;acidit\u00e9 du citron conf\u00e8re \u00e0 votre bouche un soin buccal particulier. Les plus t\u00e9m\u00e9raires peuvent m\u00eame en consommer directement.&nbsp;<\/p>\n\n\n\n<p>La plante de persil est aussi ici un excellent moyen d\u2019avoir une bonne haleine toute la journ\u00e9e. Cette plante est effectivement riche en chlorophylle comme les chewing-gums. D&rsquo;ailleurs, tout comme la gomme \u00e0 m\u00e2cher, le persil peut \u00eatre mastiquer brut pour obtenir le r\u00e9sultat souhait\u00e9. Sinon, vous pouvez le faire simplement infuser dans une tasse et vous en gargariser la bouche une fois refroidi. Ce proc\u00e9d\u00e9 permet la captation des mauvaises odeurs et leur \u00e9radication. De m\u00eame, on trouve la&nbsp;<a href=\"https:\/\/www.pause-au-naturelle.com\/nl\/galactogene-lactatievoeding\/\">venkelplant<\/a>&nbsp;et les \u00e9pinards qui tous deux agissent comme des agents purificateurs d&rsquo;haleine.&nbsp;<\/p>\n\n\n\n<p>Pareillement, l&rsquo;usage d&rsquo;huile essentielle remplit agr\u00e9ablement bien cette fonction. A titre d\u2019exemple, utilisez deux gouttes seulement d&rsquo;une menthe poivr\u00e9e en application directe sur la langue ou sur la brosse \u00e0 dent. Sachez aussi que les produits laitiers, \u00e9cr\u00e9m\u00e9s ou m\u00eame entiers d\u00e9truisent les odeurs nocives de la bouche.<\/p>\n\n\n\n<p>Enfin vous pouvez aussi vous contenter de m\u00e2cher un chewing gum sans sucre. Voir une graine de caf\u00e9 pour avoir une bonne haleine. D\u2019apr\u00e8s une \u00e9tude de 2016 du Journal of Food Science, la pomme aiderai aussi \u00e0 neutraliser les bact\u00e9ries au c\u0153ur de la bouche.&nbsp;<\/p>\n\n\n\n<h3 class=\"wp-block-heading\"><strong>Facteurs m\u00e9dicaux et conseils hygi\u00e9niques<\/strong><\/h3>\n\n\n\n<p>Il peut arriver que la mauvaise haleine persiste chez un individu qui applique pourtant des solutions pour s&rsquo;en pr\u00e9munir. Cela peut r\u00e9sulter de plusieurs causes. Dans le meilleur des cas, c&rsquo;est que la personne est mal hydrat\u00e9e. Nous lui conseillons alors d&rsquo;avoir recours \u00e0 une hydratation r\u00e9guli\u00e8re. Boire avant de dormir repousse le ph\u00e9nom\u00e8ne de mauvaise haleine nocturne.<\/p>\n\n\n\n<p>Lorsque le probl\u00e8me persiste, cela peut venir de certains facteurs relatifs \u00e0 la sant\u00e9 de l&rsquo;individu. Il peut effectivement souffrir d&rsquo;une insuffisance r\u00e9nale qui le conduit \u00e0 avoir toujours mauvaise haleine. Il faut donc \u00e0 ce moment-l\u00e0 consulter un m\u00e9decin. Cela peut aussi provenir d&rsquo;un \u00e9tat d\u00e9fectueux des gencives ou bien des dents. Si la personne poss\u00e8de des caries importantes, cela est vecteur de mauvaise haleine. Les bact\u00e9ries s&rsquo;accumulent au lieu des caries et font r\u00e9gner la mauvaise odeur. Dans ce cas-l\u00e0 donc, veillez \u00e0 consulter votre dentiste.&nbsp;<\/p>\n\n\n\n<p>Un autre cas r\u00e9v\u00e9lateur de la mauvaise beaucoup moins connu est la pr\u00e9sence de caseum. Il s\u2019agit de cellules mortes et de nourritures qui s\u2019encastrent dans les cavit\u00e9s des amygdales. Ceux-ci g\u00e9n\u00e8rent une haleine naus\u00e9abonde. Le seule moyen de retirer les impuret\u00e9s consistent \u00e0 utiliser un coton tige pour d\u00e9loger les impuret\u00e9s.<\/p>\n\n\n\n<h4 class=\"wp-block-heading\"><strong>\u00c9vitez certains aliments ou certaines pratiques<\/strong><\/h4>\n\n\n\n<p>Certains aliments sont aussi \u00e0 \u00e9viter pour parvenir \u00e0 garder une bonne haleine. Ne consommez donc pas d&rsquo;\u00e9pices, d&rsquo;ail et d&rsquo;oignons crus. Cette forte odeur reste pr\u00e9sente de longues heures au sein de la bouche apr\u00e8s consommation. \u00c9vitez \u00e9galement de consommer du caf\u00e9 car celui-ci ass\u00e8che la bouche ce qui conduit \u00e0 un abaissement de la fonction. Enfin, la consommation d&rsquo;alcool et de tabac sont eux aussi deux facteurs \u00e0 la pr\u00e9sence d&rsquo;une haleine f\u00e9tide.&nbsp;<\/p>\n\n\n\n<p>Par ailleurs, nous ne conseillons pas l&rsquo;utilisation de bains de bouche car ceux-ci d\u00e9truisent l&rsquo;\u00e9quilibre buccal. Il y a certaines bact\u00e9ries qui sont bonnes dans la r\u00e9gion buccale tandis que d&rsquo;autres ne le sont pas. Les bonnes bact\u00e9ries sont b\u00e9n\u00e9fiques et donc \u00e0 conserver. Or, ce type de produit \u00e9radique litt\u00e9ralement toutes les bact\u00e9ries, bonnes et mauvaises. Il faut savoir que lorsque l&rsquo;on se purifie la bouche par divers moyens, on \u00e9limine seulement une partie de ses bact\u00e9ries.&nbsp;<\/p>","protected":false},"excerpt":{"rendered":"<p>L\u2019image que tiennent les femmes quant \u00e0 leur repr\u00e9sentation visuelle aux yeux d\u2019autrui est v\u00e9cue comme essentielle. Cet aspect ext\u00e9rieur rev\u00eat ainsi la toute premi\u00e8re forme qui appara\u00eet aux regards [&#8230;]\n","protected":false},"author":1,"featured_media":8996,"comment_status":"closed","ping_status":"closed","sticky":false,"template":"","format":"standard","meta":{"footnotes":""},"categories":[70],"tags":[],"class_list":["post-7971","post","type-post","status-publish","format-standard","has-post-thumbnail","hentry","category-cosmetiques"],"yoast_head":"<!-- This site is optimized with the Yoast SEO plugin v27.3 - https:\/\/yoast.com\/product\/yoast-seo-wordpress\/ -->\n<title>Avoir une bonne haleine toute la journ\u00e9e | Conseils et pratiques<\/title>\n<meta name=\"description\" content=\"Vous souhaitez avoir une bonne haleine le matin ou toute la journ\u00e9e. Suivez ce guide pratique pour \u00e9viter les odeurs d\u00e9sagr\u00e9ables.\" \/>\n<meta name=\"robots\" content=\"index, follow, max-snippet:-1, max-image-preview:large, max-video-preview:-1\" \/>\n<link rel=\"canonical\" href=\"https:\/\/www.pause-au-naturelle.com\/nl\/2021\/05\/04\/hoe-je-de-hele-dag-een-goede-adem-hebt\/\" \/>\n<meta property=\"og:locale\" content=\"nl_NL\" \/>\n<meta property=\"og:type\" content=\"article\" \/>\n<meta property=\"og:title\" content=\"Avoir une bonne haleine toute la journ\u00e9e | Conseils et pratiques\" \/>\n<meta property=\"og:description\" content=\"Vous souhaitez avoir une bonne haleine le matin ou toute la journ\u00e9e. Suivez ce guide pratique pour \u00e9viter les odeurs d\u00e9sagr\u00e9ables.\" \/>\n<meta property=\"og:url\" content=\"https:\/\/www.pause-au-naturelle.com\/nl\/2021\/05\/04\/hoe-je-de-hele-dag-een-goede-adem-hebt\/\" \/>\n<meta property=\"og:site_name\" content=\"Pause au Naturelle\" \/>\n<meta property=\"article:published_time\" content=\"2021-05-04T20:18:03+00:00\" \/>\n<meta property=\"article:modified_time\" content=\"2023-02-26T21:39:55+00:00\" \/>\n<meta property=\"og:image\" content=\"https:\/\/www.pause-au-naturelle.com\/wp-content\/uploads\/2021\/05\/comment-avoir-une-bonne-haleine.jpg\" \/>\n\t<meta property=\"og:image:width\" content=\"1078\" \/>\n\t<meta property=\"og:image:height\" content=\"795\" \/>\n\t<meta property=\"og:image:type\" content=\"image\/jpeg\" \/>\n<meta name=\"author\" content=\"Pause au naturelle\" \/>\n<meta name=\"twitter:card\" content=\"summary_large_image\" \/>\n<meta name=\"twitter:label1\" content=\"Geschreven door\" \/>\n\t<meta name=\"twitter:data1\" content=\"Pause au naturelle\" \/>\n\t<meta name=\"twitter:label2\" content=\"Geschatte leestijd\" \/>\n\t<meta name=\"twitter:data2\" content=\"7 minuten\" \/>\n<script type=\"application\/ld+json\" class=\"yoast-schema-graph\">{\"@context\":\"https:\\\/\\\/schema.org\",\"@graph\":[{\"@type\":\"Article\",\"@id\":\"https:\\\/\\\/www.pause-au-naturelle.com\\\/2021\\\/05\\\/04\\\/comment-avoir-une-bonne-haleine-toute-la-journee\\\/#article\",\"isPartOf\":{\"@id\":\"https:\\\/\\\/www.pause-au-naturelle.com\\\/2021\\\/05\\\/04\\\/comment-avoir-une-bonne-haleine-toute-la-journee\\\/\"},\"author\":{\"name\":\"Pause au naturelle\",\"@id\":\"https:\\\/\\\/www.pause-au-naturelle.com\\\/#\\\/schema\\\/person\\\/8a6e5bbc38c727382c318184436321a0\"},\"headline\":\"Comment avoir une bonne haleine toute la journ\u00e9e ?\",\"datePublished\":\"2021-05-04T20:18:03+00:00\",\"dateModified\":\"2023-02-26T21:39:55+00:00\",\"mainEntityOfPage\":{\"@id\":\"https:\\\/\\\/www.pause-au-naturelle.com\\\/2021\\\/05\\\/04\\\/comment-avoir-une-bonne-haleine-toute-la-journee\\\/\"},\"wordCount\":1632,\"publisher\":{\"@id\":\"https:\\\/\\\/www.pause-au-naturelle.com\\\/#organization\"},\"image\":{\"@id\":\"https:\\\/\\\/www.pause-au-naturelle.com\\\/2021\\\/05\\\/04\\\/comment-avoir-une-bonne-haleine-toute-la-journee\\\/#primaryimage\"},\"thumbnailUrl\":\"https:\\\/\\\/www.pause-au-naturelle.com\\\/wp-content\\\/uploads\\\/2021\\\/05\\\/comment-avoir-une-bonne-haleine.jpg\",\"articleSection\":[\"Cosm\u00e9tiques\"],\"inLanguage\":\"nl-NL\"},{\"@type\":\"WebPage\",\"@id\":\"https:\\\/\\\/www.pause-au-naturelle.com\\\/2021\\\/05\\\/04\\\/comment-avoir-une-bonne-haleine-toute-la-journee\\\/\",\"url\":\"https:\\\/\\\/www.pause-au-naturelle.com\\\/2021\\\/05\\\/04\\\/comment-avoir-une-bonne-haleine-toute-la-journee\\\/\",\"name\":\"Avoir une bonne haleine toute la journ\u00e9e | Conseils et pratiques\",\"isPartOf\":{\"@id\":\"https:\\\/\\\/www.pause-au-naturelle.com\\\/#website\"},\"primaryImageOfPage\":{\"@id\":\"https:\\\/\\\/www.pause-au-naturelle.com\\\/2021\\\/05\\\/04\\\/comment-avoir-une-bonne-haleine-toute-la-journee\\\/#primaryimage\"},\"image\":{\"@id\":\"https:\\\/\\\/www.pause-au-naturelle.com\\\/2021\\\/05\\\/04\\\/comment-avoir-une-bonne-haleine-toute-la-journee\\\/#primaryimage\"},\"thumbnailUrl\":\"https:\\\/\\\/www.pause-au-naturelle.com\\\/wp-content\\\/uploads\\\/2021\\\/05\\\/comment-avoir-une-bonne-haleine.jpg\",\"datePublished\":\"2021-05-04T20:18:03+00:00\",\"dateModified\":\"2023-02-26T21:39:55+00:00\",\"description\":\"Vous souhaitez avoir une bonne haleine le matin ou toute la journ\u00e9e. Suivez ce guide pratique pour \u00e9viter les odeurs d\u00e9sagr\u00e9ables.\",\"inLanguage\":\"nl-NL\",\"potentialAction\":[{\"@type\":\"ReadAction\",\"target\":[\"https:\\\/\\\/www.pause-au-naturelle.com\\\/2021\\\/05\\\/04\\\/comment-avoir-une-bonne-haleine-toute-la-journee\\\/\"]}]},{\"@type\":\"ImageObject\",\"inLanguage\":\"nl-NL\",\"@id\":\"https:\\\/\\\/www.pause-au-naturelle.com\\\/2021\\\/05\\\/04\\\/comment-avoir-une-bonne-haleine-toute-la-journee\\\/#primaryimage\",\"url\":\"https:\\\/\\\/www.pause-au-naturelle.com\\\/wp-content\\\/uploads\\\/2021\\\/05\\\/comment-avoir-une-bonne-haleine.jpg\",\"contentUrl\":\"https:\\\/\\\/www.pause-au-naturelle.com\\\/wp-content\\\/uploads\\\/2021\\\/05\\\/comment-avoir-une-bonne-haleine.jpg\",\"width\":1078,\"height\":795},{\"@type\":\"WebSite\",\"@id\":\"https:\\\/\\\/www.pause-au-naturelle.com\\\/#website\",\"url\":\"https:\\\/\\\/www.pause-au-naturelle.com\\\/\",\"name\":\"Pause au Naturelle\",\"description\":\"\",\"publisher\":{\"@id\":\"https:\\\/\\\/www.pause-au-naturelle.com\\\/#organization\"},\"potentialAction\":[{\"@type\":\"SearchAction\",\"target\":{\"@type\":\"EntryPoint\",\"urlTemplate\":\"https:\\\/\\\/www.pause-au-naturelle.com\\\/?s={search_term_string}\"},\"query-input\":{\"@type\":\"PropertyValueSpecification\",\"valueRequired\":true,\"valueName\":\"search_term_string\"}}],\"inLanguage\":\"nl-NL\"},{\"@type\":\"Organization\",\"@id\":\"https:\\\/\\\/www.pause-au-naturelle.com\\\/#organization\",\"name\":\"Pause au naturelle\",\"url\":\"https:\\\/\\\/www.pause-au-naturelle.com\\\/\",\"logo\":{\"@type\":\"ImageObject\",\"inLanguage\":\"nl-NL\",\"@id\":\"https:\\\/\\\/www.pause-au-naturelle.com\\\/#\\\/schema\\\/logo\\\/image\\\/\",\"url\":\"https:\\\/\\\/www.pause-au-naturelle.com\\\/wp-content\\\/uploads\\\/2020\\\/06\\\/logo.png\",\"contentUrl\":\"https:\\\/\\\/www.pause-au-naturelle.com\\\/wp-content\\\/uploads\\\/2020\\\/06\\\/logo.png\",\"width\":250,\"height\":250,\"caption\":\"Pause au naturelle\"},\"image\":{\"@id\":\"https:\\\/\\\/www.pause-au-naturelle.com\\\/#\\\/schema\\\/logo\\\/image\\\/\"}},{\"@type\":\"Person\",\"@id\":\"https:\\\/\\\/www.pause-au-naturelle.com\\\/#\\\/schema\\\/person\\\/8a6e5bbc38c727382c318184436321a0\",\"name\":\"Pause au naturelle\",\"image\":{\"@type\":\"ImageObject\",\"inLanguage\":\"nl-NL\",\"@id\":\"https:\\\/\\\/secure.gravatar.com\\\/avatar\\\/2de2f9db297549ce305c8b0151c859e714b1db3894e06c8fa49291b83a622fc4?s=96&d=mm&r=g\",\"url\":\"https:\\\/\\\/secure.gravatar.com\\\/avatar\\\/2de2f9db297549ce305c8b0151c859e714b1db3894e06c8fa49291b83a622fc4?s=96&d=mm&r=g\",\"contentUrl\":\"https:\\\/\\\/secure.gravatar.com\\\/avatar\\\/2de2f9db297549ce305c8b0151c859e714b1db3894e06c8fa49291b83a622fc4?s=96&d=mm&r=g\",\"caption\":\"Pause au naturelle\"},\"url\":\"https:\\\/\\\/www.pause-au-naturelle.com\\\/nl\\\/author\\\/najima\\\/\"}]}<\/script>\n<!-- \/ Yoast SEO plugin. -->","yoast_head_json":{"title":"De hele dag goed ademen | Tips en trucs","description":"Je wilt 's ochtends of de hele dag door een goede adem hebben. Volg deze praktische gids om onaangename geurtjes te voorkomen.","robots":{"index":"index","follow":"follow","max-snippet":"max-snippet:-1","max-image-preview":"max-image-preview:large","max-video-preview":"max-video-preview:-1"},"canonical":"https:\/\/www.pause-au-naturelle.com\/nl\/2021\/05\/04\/hoe-je-de-hele-dag-een-goede-adem-hebt\/","og_locale":"nl_NL","og_type":"article","og_title":"Avoir une bonne haleine toute la journ\u00e9e | Conseils et pratiques","og_description":"Vous souhaitez avoir une bonne haleine le matin ou toute la journ\u00e9e. Suivez ce guide pratique pour \u00e9viter les odeurs d\u00e9sagr\u00e9ables.","og_url":"https:\/\/www.pause-au-naturelle.com\/nl\/2021\/05\/04\/hoe-je-de-hele-dag-een-goede-adem-hebt\/","og_site_name":"Pause au Naturelle","article_published_time":"2021-05-04T20:18:03+00:00","article_modified_time":"2023-02-26T21:39:55+00:00","og_image":[{"width":1078,"height":795,"url":"https:\/\/www.pause-au-naturelle.com\/wp-content\/uploads\/2021\/05\/comment-avoir-une-bonne-haleine.jpg","type":"image\/jpeg"}],"author":"Pause au naturelle","twitter_card":"summary_large_image","twitter_misc":{"Geschreven door":"Pause au naturelle","Geschatte leestijd":"7 minuten"},"schema":{"@context":"https:\/\/schema.org","@graph":[{"@type":"Article","@id":"https:\/\/www.pause-au-naturelle.com\/2021\/05\/04\/comment-avoir-une-bonne-haleine-toute-la-journee\/#article","isPartOf":{"@id":"https:\/\/www.pause-au-naturelle.com\/2021\/05\/04\/comment-avoir-une-bonne-haleine-toute-la-journee\/"},"author":{"name":"Pause au naturelle","@id":"https:\/\/www.pause-au-naturelle.com\/#\/schema\/person\/8a6e5bbc38c727382c318184436321a0"},"headline":"Comment avoir une bonne haleine toute la journ\u00e9e ?","datePublished":"2021-05-04T20:18:03+00:00","dateModified":"2023-02-26T21:39:55+00:00","mainEntityOfPage":{"@id":"https:\/\/www.pause-au-naturelle.com\/2021\/05\/04\/comment-avoir-une-bonne-haleine-toute-la-journee\/"},"wordCount":1632,"publisher":{"@id":"https:\/\/www.pause-au-naturelle.com\/#organization"},"image":{"@id":"https:\/\/www.pause-au-naturelle.com\/2021\/05\/04\/comment-avoir-une-bonne-haleine-toute-la-journee\/#primaryimage"},"thumbnailUrl":"https:\/\/www.pause-au-naturelle.com\/wp-content\/uploads\/2021\/05\/comment-avoir-une-bonne-haleine.jpg","articleSection":["Cosm\u00e9tiques"],"inLanguage":"nl-NL"},{"@type":"WebPage","@id":"https:\/\/www.pause-au-naturelle.com\/2021\/05\/04\/comment-avoir-une-bonne-haleine-toute-la-journee\/","url":"https:\/\/www.pause-au-naturelle.com\/2021\/05\/04\/comment-avoir-une-bonne-haleine-toute-la-journee\/","name":"De hele dag goed ademen | Tips en trucs","isPartOf":{"@id":"https:\/\/www.pause-au-naturelle.com\/#website"},"primaryImageOfPage":{"@id":"https:\/\/www.pause-au-naturelle.com\/2021\/05\/04\/comment-avoir-une-bonne-haleine-toute-la-journee\/#primaryimage"},"image":{"@id":"https:\/\/www.pause-au-naturelle.com\/2021\/05\/04\/comment-avoir-une-bonne-haleine-toute-la-journee\/#primaryimage"},"thumbnailUrl":"https:\/\/www.pause-au-naturelle.com\/wp-content\/uploads\/2021\/05\/comment-avoir-une-bonne-haleine.jpg","datePublished":"2021-05-04T20:18:03+00:00","dateModified":"2023-02-26T21:39:55+00:00","description":"Je wilt 's ochtends of de hele dag door een goede adem hebben. Volg deze praktische gids om onaangename geurtjes te voorkomen.","inLanguage":"nl-NL","potentialAction":[{"@type":"ReadAction","target":["https:\/\/www.pause-au-naturelle.com\/2021\/05\/04\/comment-avoir-une-bonne-haleine-toute-la-journee\/"]}]},{"@type":"ImageObject","inLanguage":"nl-NL","@id":"https:\/\/www.pause-au-naturelle.com\/2021\/05\/04\/comment-avoir-une-bonne-haleine-toute-la-journee\/#primaryimage","url":"https:\/\/www.pause-au-naturelle.com\/wp-content\/uploads\/2021\/05\/comment-avoir-une-bonne-haleine.jpg","contentUrl":"https:\/\/www.pause-au-naturelle.com\/wp-content\/uploads\/2021\/05\/comment-avoir-une-bonne-haleine.jpg","width":1078,"height":795},{"@type":"WebSite","@id":"https:\/\/www.pause-au-naturelle.com\/#website","url":"https:\/\/www.pause-au-naturelle.com\/","name":"Pauze in de natuur","description":"","publisher":{"@id":"https:\/\/www.pause-au-naturelle.com\/#organization"},"potentialAction":[{"@type":"SearchAction","target":{"@type":"EntryPoint","urlTemplate":"https:\/\/www.pause-au-naturelle.com\/?s={search_term_string}"},"query-input":{"@type":"PropertyValueSpecification","valueRequired":true,"valueName":"search_term_string"}}],"inLanguage":"nl-NL"},{"@type":"Organization","@id":"https:\/\/www.pause-au-naturelle.com\/#organization","name":"Een natuurlijke onderbreking","url":"https:\/\/www.pause-au-naturelle.com\/","logo":{"@type":"ImageObject","inLanguage":"nl-NL","@id":"https:\/\/www.pause-au-naturelle.com\/#\/schema\/logo\/image\/","url":"https:\/\/www.pause-au-naturelle.com\/wp-content\/uploads\/2020\/06\/logo.png","contentUrl":"https:\/\/www.pause-au-naturelle.com\/wp-content\/uploads\/2020\/06\/logo.png","width":250,"height":250,"caption":"Pause au naturelle"},"image":{"@id":"https:\/\/www.pause-au-naturelle.com\/#\/schema\/logo\/image\/"}},{"@type":"Person","@id":"https:\/\/www.pause-au-naturelle.com\/#\/schema\/person\/8a6e5bbc38c727382c318184436321a0","name":"Een natuurlijke onderbreking","image":{"@type":"ImageObject","inLanguage":"nl-NL","@id":"https:\/\/secure.gravatar.com\/avatar\/2de2f9db297549ce305c8b0151c859e714b1db3894e06c8fa49291b83a622fc4?s=96&d=mm&r=g","url":"https:\/\/secure.gravatar.com\/avatar\/2de2f9db297549ce305c8b0151c859e714b1db3894e06c8fa49291b83a622fc4?s=96&d=mm&r=g","contentUrl":"https:\/\/secure.gravatar.com\/avatar\/2de2f9db297549ce305c8b0151c859e714b1db3894e06c8fa49291b83a622fc4?s=96&d=mm&r=g","caption":"Pause au naturelle"},"url":"https:\/\/www.pause-au-naturelle.com\/nl\/author\/najima\/"}]}},"_links":{"self":[{"href":"https:\/\/www.pause-au-naturelle.com\/nl\/wp-json\/wp\/v2\/posts\/7971","targetHints":{"allow":["GET"]}}],"collection":[{"href":"https:\/\/www.pause-au-naturelle.com\/nl\/wp-json\/wp\/v2\/posts"}],"about":[{"href":"https:\/\/www.pause-au-naturelle.com\/nl\/wp-json\/wp\/v2\/types\/post"}],"author":[{"embeddable":true,"href":"https:\/\/www.pause-au-naturelle.com\/nl\/wp-json\/wp\/v2\/users\/1"}],"replies":[{"embeddable":true,"href":"https:\/\/www.pause-au-naturelle.com\/nl\/wp-json\/wp\/v2\/comments?post=7971"}],"version-history":[{"count":2,"href":"https:\/\/www.pause-au-naturelle.com\/nl\/wp-json\/wp\/v2\/posts\/7971\/revisions"}],"predecessor-version":[{"id":8969,"href":"https:\/\/www.pause-au-naturelle.com\/nl\/wp-json\/wp\/v2\/posts\/7971\/revisions\/8969"}],"wp:featuredmedia":[{"embeddable":true,"href":"https:\/\/www.pause-au-naturelle.com\/nl\/wp-json\/wp\/v2\/media\/8996"}],"wp:attachment":[{"href":"https:\/\/www.pause-au-naturelle.com\/nl\/wp-json\/wp\/v2\/media?parent=7971"}],"wp:term":[{"taxonomy":"category","embeddable":true,"href":"https:\/\/www.pause-au-naturelle.com\/nl\/wp-json\/wp\/v2\/categories?post=7971"},{"taxonomy":"post_tag","embeddable":true,"href":"https:\/\/www.pause-au-naturelle.com\/nl\/wp-json\/wp\/v2\/tags?post=7971"}],"curies":[{"name":"wp","href":"https:\/\/api.w.org\/{rel}","templated":true}]}}