{"id":8119,"date":"2021-06-07T19:17:23","date_gmt":"2021-06-07T19:17:23","guid":{"rendered":"https:\/\/www.pause-au-naturelle.com\/?p=8119"},"modified":"2023-02-26T21:35:48","modified_gmt":"2023-02-26T21:35:48","slug":"hoe-ingegroeide-haren-bestrijden","status":"publish","type":"post","link":"https:\/\/www.pause-au-naturelle.com\/nl\/2021\/06\/07\/comment-lutter-contre-les-poils-incarnes\/","title":{"rendered":"Comment lutter contre les poils incarn\u00e9s ?"},"content":{"rendered":"<p>Lutter contre les poils incarn\u00e9s est une \u00e9vidence. Effectivement, ils provoquent des g\u00eanes consid\u00e9rables au niveau de la peau. Les personnes qui en sont victimes souffrent \u00e9norm\u00e9ment. Elles font notamment face \u00e0 des probl\u00e8mes majeurs d\u2019ordre esth\u00e9tique. Les poils incarn\u00e9s occasionnent aussi des d\u00e9mangeaisons et des douleurs plus ou moins importantes. Ils peuvent m\u00eame faire l\u2019objet d\u2019une infection. Tous ces effets ind\u00e9sirables am\u00e8nent \u00e0 lutter contre ce ph\u00e9nom\u00e8ne. D\u2019embl\u00e9e, il est n\u00e9cessaire de bien connaitre les causes et les origines de l\u2019apparition des poils incarn\u00e9s. La meilleure m\u00e9thode de lutte s\u2019av\u00e8re \u00eatre en effet la pr\u00e9vention. Enfin, s\u2019il est trop tard et que les poils incarn\u00e9s se sont form\u00e9s, il est possible de les \u00e9liminer.<\/p>\n\n\n\n<h2 class=\"wp-block-heading\">Bien connaitre les causes et les origines des poils incarn\u00e9s<\/h2>\n\n\n\n<p>Les poils incarn\u00e9s, ou encore poils sous peau, scientifiquement appel\u00e9 aussi poils sous-cutan\u00e9s sont des ph\u00e9nom\u00e8nes qui entravent le cours naturel de la pousse ou de la repousse des poils. Pour une raison ou une autre, ces derniers n\u2019arrivent pas \u00e0 se d\u00e9velopper correctement pour surgir \u00e0 la surface de la peau. Ils sont ainsi d\u00e9vi\u00e9s de leur cycle naturel de croissance. Toutefois, celui-ci suit son cours. Mais cette fois-ci sous le derme. Ainsi, l\u2019on ne voit apparaitre en surface qu\u2019un bouton qui laisse entrevoir un poil \u00e0 l\u2019int\u00e9rieur. Nombreuses sont les causes de ce ph\u00e9nom\u00e8ne disgracieux.<\/p>\n\n\n\n<h3 class=\"wp-block-heading\">Les mauvaises habitudes provoquant les poils incarn\u00e9s<\/h3>\n\n\n\n<p>Les poils incarn\u00e9s surgissent le plus souvent apr\u00e8s un rasage ou une \u00e9pilation. En effet, ces pratiques changent leur nature. Lors d\u2019une <a href=\"https:\/\/www.pause-au-naturelle.com\/nl\/heet-harsen\/\">\u00e9pilation<\/a> notamment, les poils deviennent plus fins. Ainsi, ils peuvent ne plus \u00eatre dans la capacit\u00e9 de percer les pores de la peau et se d\u00e9velopper en surface. Le rasage quant \u00e0 lui peut aussi modifier le sens de repousse des poils.<\/p>\n\n\n\n<p>Outre les poils, la peau est \u00e9galement en grande partie responsable de la survenue de ce ph\u00e9nom\u00e8ne. Elle peut pr\u00e9senter un syst\u00e8me pileux d\u00e9fectueux. Les pores sont bouch\u00e9s en cas de peau grasse. Il est aussi possible que cette enveloppe charnelle soit trop \u00e9paisse en raison d\u2019un manque de soins. R\u00e9sultat, les poils sont emprisonn\u00e9s sous la peau.<\/p>\n\n\n\n<h3 class=\"wp-block-heading\">Des morphologies sp\u00e9cifiques favorisant l\u2019apparition de poils incarn\u00e9s<\/h3>\n\n\n\n<p>Certaines personnes peuvent poss\u00e9der naturellement les diff\u00e9rentes caract\u00e9ristiques de poils et de peau cit\u00e9es auparavant. Elles sont par cons\u00e9quent plus sujettes \u00e0 l\u2019apparition de poils incarn\u00e9s. Les peaux s\u00e8ches et surtout \u00e9paisses sont des terrains de pr\u00e9dilection de ce ph\u00e9nom\u00e8ne. Par ailleurs, l\u2019exc\u00e8s de production de mati\u00e8re grasse conduit aussi \u00e0 l\u2019obturation des pores.<\/p>\n\n\n\n<p>Les poils qui sont trop fins auront aussi des difficult\u00e9s \u00e0 pousser jusqu\u2019\u00e0 la surface de la peau. Ce ne sont cependant pas les seuls types de poil amenant ce ph\u00e9nom\u00e8ne. En effet, m\u00eame les poils suffisamment rigides, mais qui sont de nature fris\u00e9e peuvent pousser sous la peau. Ces types en particulier ont tendance \u00e0 s\u2019entortiller.<\/p>\n\n\n\n<h3 class=\"wp-block-heading\">Les zones les plus concern\u00e9es par les poils incarn\u00e9s<\/h3>\n\n\n\n<p>Logiquement, de par leurs causes et origines, les poils incarn\u00e9s se d\u00e9couvrent le plus souvent au niveau des zones du corps qui accueillent des op\u00e9rations de rasage et d\u2019\u00e9pilation. Ils surgiront notamment sur les membres, le maillot ou encore les aisselles. Chez les hommes, ils sont plus fr\u00e9quemment identifi\u00e9s au niveau de la barbe. Pour les femmes, les poils incarn\u00e9s apparaissent g\u00e9n\u00e9ralement sur le maillot.<\/p>\n\n\n\n<h2 class=\"wp-block-heading\">Pr\u00e9venir la survenue des poils incarn\u00e9s<\/h2>\n\n\n\n<p>Compte tenu du mode d\u2019apparition des poils incarn\u00e9s, il est possible de les pr\u00e9venir \u00e0 travers des gestes simples. Il est n\u00e9cessaire de se pencher sur les deux facteurs qui provoquent ce ph\u00e9nom\u00e8ne, entre autres la peau et les poils. Les m\u00e9thodes de pr\u00e9vention sont g\u00e9n\u00e9ralement constitu\u00e9es de soins. Par ailleurs, l\u2019on s\u2019int\u00e9ressera notamment au rasage et \u00e0 l\u2019\u00e9pilation constituant les principales causes des poils incarn\u00e9s. Il sera indiqu\u00e9 les bonnes pratiques pour ne pas agresser la peau et les poils.<\/p>\n\n\n\n<h3 class=\"wp-block-heading\">Essenti\u00eble huidverzorging<\/h3>\n\n\n\n<p>Il est requis d\u2019avoir une peau parfaitement saine pour se mettre d\u00e9finitivement \u00e0 l\u2019abri des poils incarn\u00e9s. Cette hygi\u00e8ne doit \u00eatre prise au sens large. Elle concerne, par exemple, l\u2019alimentation. Celle-ci consiste radicalement \u00e0 nourrir la peau. Il y aura de nombreux produits qui permettront de donner tout le n\u00e9cessaire \u00e0 cette enveloppe.<\/p>\n\n\n\n<p>En compl\u00e9ment, il est aussi imp\u00e9ratif de traiter les peaux s\u00e8ches. Comme \u00e0 l\u2019alimentation, des cr\u00e8mes sp\u00e9cifiques permettront d\u2019hydrater et ainsi rendre ces derni\u00e8res plus souples. En outre, l\u2019hygi\u00e8ne de la peau passe obligatoirement par la propret\u00e9. Le nettoyage doit se faire en profondeur. Divers soins peuvent \u00eatre r\u00e9alis\u00e9s, \u00e0 ne citer que le gommage ou encore l\u2019exfoliation au <a href=\"https:\/\/www.pause-au-naturelle.com\/nl\/product\/ghassoul-kleibrokken-100g\/\">rhassoul<\/a>. Ceux-ci permettent d\u2019enlever les cellules mortes, mais \u00e9galement les exc\u00e9dents de mati\u00e8re grasse, notamment le s\u00e9bum.<\/p>\n\n\n\n<h3 class=\"wp-block-heading\">Essenti\u00eble haarverzorging<\/h3>\n\n\n\n<p>Les poils seront \u00e0 soigner surtout lors des op\u00e9rations de rasage ou d\u2019\u00e9pilation. L\u2019objectif principal sera d\u2019arriver \u00e0 les d\u00e9loger jusqu\u2019\u00e0 leur racine. Ainsi, la repousse sera continuellement naturelle. Une coupe au ras provoquera in\u00e9vitablement un poil incarn\u00e9. Par ailleurs, le rasage ou l\u2019\u00e9pilation doit \u00eatre effectu\u00e9 d\u00e9licatement et dans les r\u00e8gles de l\u2019art.<\/p>\n\n\n\n<p>La repousse des poils doit aussi \u00eatre r\u00e9gul\u00e9e apr\u00e8s le rasage ou l\u2019\u00e9pilation. Trop rapide, elle favorise aussi l\u2019apparition de poils incarn\u00e9s. Il y aura des cr\u00e8mes sp\u00e9cifiques qui permettent de g\u00e9rer la r\u00e9g\u00e9n\u00e9ration des poils. La croissance sera ainsi saine et respectera son cours normal.<\/p>\n\n\n\n<h3 class=\"wp-block-heading\">Les vigilances \u00e0 avoir avant et apr\u00e8s un rasage ou une \u00e9pilation<\/h3>\n\n\n\n<p>L\u2019on insistera particuli\u00e8rement sur le mode d\u2019extraction des poils, ce dernier \u00e9tant g\u00e9n\u00e9ralement \u00e0 l\u2019origine des poils incarn\u00e9s. En premier lieu, il est important d\u2019adopter une seule habitude et \u00e9viter surtout de changer de mode \u00e9pilatoire. Puis, les pr\u00e9parations doivent \u00eatre parfaites avant ces op\u00e9rations. La peau en particulier devra \u00eatre d\u00e9tendue. L\u2019on conseillera notamment de prendre une douche chaude ou r\u00e9aliser une exfoliation en vue de dilater les pores et faciliter l\u2019arrachement des poils. Enfin, il est conseill\u00e9 de chouchouter la peau avec les soins de pr\u00e9vention cit\u00e9s auparavant.<\/p>\n\n\n\n<h2 class=\"wp-block-heading\">Se d\u00e9barrasser rapidement et d\u00e9finitivement des poils incarn\u00e9s<\/h2>\n\n\n\n<p>Il n\u2019est jamais trop tard, m\u00eame si les poils incarn\u00e9s ont r\u00e9ussi \u00e0 se former. Il est possible, en effet, de s\u2019en d\u00e9barrasser. Plusieurs m\u00e9thodes sont \u00e0 disposition. Il y aura les proc\u00e9d\u00e9s qui peuvent \u00eatre effectu\u00e9s \u00e0 la maison. Ils solliciteront notamment des produits naturels comme l\u2019argile verte ou encore l\u2019eau oxyg\u00e9n\u00e9e. Ces compos\u00e9s permettront de ramollir la peau et ainsi extraire facilement le poil incarn\u00e9. Pour information, il est d\u00e9conseill\u00e9 d\u2019intervenir \u00e0 sec sur les boutons, c\u2019est-\u00e0-dire effectuer un rasage ou une \u00e9pilation. Il faut justement \u00eatre extr\u00eamement vigilant au risque d\u2019infecter la zone en tentant d\u2019extraire le poil incarn\u00e9. Certaines personnes font m\u00eame appel \u00e0 des sp\u00e9cialistes, en l\u2019occurrence des dermatologues.<\/p>","protected":false},"excerpt":{"rendered":"<p>Lutter contre les poils incarn\u00e9s est une \u00e9vidence. Effectivement, ils provoquent des g\u00eanes consid\u00e9rables au niveau de la peau. Les personnes qui en sont victimes souffrent \u00e9norm\u00e9ment [&#8230;]\n","protected":false},"author":1,"featured_media":8992,"comment_status":"closed","ping_status":"closed","sticky":false,"template":"","format":"standard","meta":{"footnotes":""},"categories":[70],"tags":[],"class_list":["post-8119","post","type-post","status-publish","format-standard","has-post-thumbnail","hentry","category-cosmetiques"],"yoast_head":"<!-- This site is optimized with the Yoast SEO plugin v27.3 - https:\/\/yoast.com\/product\/yoast-seo-wordpress\/ -->\n<title>Lutter contre les poils incarn\u00e9s | Pause-au-naturelle.com<\/title>\n<meta name=\"description\" content=\"Vous souhaitez savoir comment lutter contre les poils incarn\u00e9s, laissez-vous guider par les lignes qui suivent \u00e0 titre informatif\" \/>\n<meta name=\"robots\" content=\"index, follow, max-snippet:-1, max-image-preview:large, max-video-preview:-1\" \/>\n<link rel=\"canonical\" href=\"https:\/\/www.pause-au-naturelle.com\/nl\/2021\/06\/07\/hoe-ingegroeide-haren-bestrijden\/\" \/>\n<meta property=\"og:locale\" content=\"nl_NL\" \/>\n<meta property=\"og:type\" content=\"article\" \/>\n<meta property=\"og:title\" content=\"Lutter contre les poils incarn\u00e9s | Pause-au-naturelle.com\" \/>\n<meta property=\"og:description\" content=\"Vous souhaitez savoir comment lutter contre les poils incarn\u00e9s, laissez-vous guider par les lignes qui suivent \u00e0 titre informatif\" \/>\n<meta property=\"og:url\" content=\"https:\/\/www.pause-au-naturelle.com\/nl\/2021\/06\/07\/hoe-ingegroeide-haren-bestrijden\/\" \/>\n<meta property=\"og:site_name\" content=\"Pause au Naturelle\" \/>\n<meta property=\"article:published_time\" content=\"2021-06-07T19:17:23+00:00\" \/>\n<meta property=\"article:modified_time\" content=\"2023-02-26T21:35:48+00:00\" \/>\n<meta property=\"og:image\" content=\"https:\/\/www.pause-au-naturelle.com\/wp-content\/uploads\/2021\/06\/comment-lutter-contre-les-poils-incarnes.jpg\" \/>\n\t<meta property=\"og:image:width\" content=\"1078\" \/>\n\t<meta property=\"og:image:height\" content=\"795\" \/>\n\t<meta property=\"og:image:type\" content=\"image\/jpeg\" \/>\n<meta name=\"author\" content=\"Pause au naturelle\" \/>\n<meta name=\"twitter:card\" content=\"summary_large_image\" \/>\n<meta name=\"twitter:label1\" content=\"Geschreven door\" \/>\n\t<meta name=\"twitter:data1\" content=\"Pause au naturelle\" \/>\n\t<meta name=\"twitter:label2\" content=\"Geschatte leestijd\" \/>\n\t<meta name=\"twitter:data2\" content=\"5 minuten\" \/>\n<script type=\"application\/ld+json\" class=\"yoast-schema-graph\">{\"@context\":\"https:\\\/\\\/schema.org\",\"@graph\":[{\"@type\":\"Article\",\"@id\":\"https:\\\/\\\/www.pause-au-naturelle.com\\\/2021\\\/06\\\/07\\\/comment-lutter-contre-les-poils-incarnes\\\/#article\",\"isPartOf\":{\"@id\":\"https:\\\/\\\/www.pause-au-naturelle.com\\\/2021\\\/06\\\/07\\\/comment-lutter-contre-les-poils-incarnes\\\/\"},\"author\":{\"name\":\"Pause au naturelle\",\"@id\":\"https:\\\/\\\/www.pause-au-naturelle.com\\\/#\\\/schema\\\/person\\\/8a6e5bbc38c727382c318184436321a0\"},\"headline\":\"Comment lutter contre les poils incarn\u00e9s ?\",\"datePublished\":\"2021-06-07T19:17:23+00:00\",\"dateModified\":\"2023-02-26T21:35:48+00:00\",\"mainEntityOfPage\":{\"@id\":\"https:\\\/\\\/www.pause-au-naturelle.com\\\/2021\\\/06\\\/07\\\/comment-lutter-contre-les-poils-incarnes\\\/\"},\"wordCount\":1278,\"publisher\":{\"@id\":\"https:\\\/\\\/www.pause-au-naturelle.com\\\/#organization\"},\"image\":{\"@id\":\"https:\\\/\\\/www.pause-au-naturelle.com\\\/2021\\\/06\\\/07\\\/comment-lutter-contre-les-poils-incarnes\\\/#primaryimage\"},\"thumbnailUrl\":\"https:\\\/\\\/www.pause-au-naturelle.com\\\/wp-content\\\/uploads\\\/2021\\\/06\\\/comment-lutter-contre-les-poils-incarnes.jpg\",\"articleSection\":[\"Cosm\u00e9tiques\"],\"inLanguage\":\"nl-NL\"},{\"@type\":\"WebPage\",\"@id\":\"https:\\\/\\\/www.pause-au-naturelle.com\\\/2021\\\/06\\\/07\\\/comment-lutter-contre-les-poils-incarnes\\\/\",\"url\":\"https:\\\/\\\/www.pause-au-naturelle.com\\\/2021\\\/06\\\/07\\\/comment-lutter-contre-les-poils-incarnes\\\/\",\"name\":\"Lutter contre les poils incarn\u00e9s | Pause-au-naturelle.com\",\"isPartOf\":{\"@id\":\"https:\\\/\\\/www.pause-au-naturelle.com\\\/#website\"},\"primaryImageOfPage\":{\"@id\":\"https:\\\/\\\/www.pause-au-naturelle.com\\\/2021\\\/06\\\/07\\\/comment-lutter-contre-les-poils-incarnes\\\/#primaryimage\"},\"image\":{\"@id\":\"https:\\\/\\\/www.pause-au-naturelle.com\\\/2021\\\/06\\\/07\\\/comment-lutter-contre-les-poils-incarnes\\\/#primaryimage\"},\"thumbnailUrl\":\"https:\\\/\\\/www.pause-au-naturelle.com\\\/wp-content\\\/uploads\\\/2021\\\/06\\\/comment-lutter-contre-les-poils-incarnes.jpg\",\"datePublished\":\"2021-06-07T19:17:23+00:00\",\"dateModified\":\"2023-02-26T21:35:48+00:00\",\"description\":\"Vous souhaitez savoir comment lutter contre les poils incarn\u00e9s, laissez-vous guider par les lignes qui suivent \u00e0 titre informatif\",\"inLanguage\":\"nl-NL\",\"potentialAction\":[{\"@type\":\"ReadAction\",\"target\":[\"https:\\\/\\\/www.pause-au-naturelle.com\\\/2021\\\/06\\\/07\\\/comment-lutter-contre-les-poils-incarnes\\\/\"]}]},{\"@type\":\"ImageObject\",\"inLanguage\":\"nl-NL\",\"@id\":\"https:\\\/\\\/www.pause-au-naturelle.com\\\/2021\\\/06\\\/07\\\/comment-lutter-contre-les-poils-incarnes\\\/#primaryimage\",\"url\":\"https:\\\/\\\/www.pause-au-naturelle.com\\\/wp-content\\\/uploads\\\/2021\\\/06\\\/comment-lutter-contre-les-poils-incarnes.jpg\",\"contentUrl\":\"https:\\\/\\\/www.pause-au-naturelle.com\\\/wp-content\\\/uploads\\\/2021\\\/06\\\/comment-lutter-contre-les-poils-incarnes.jpg\",\"width\":1078,\"height\":795},{\"@type\":\"WebSite\",\"@id\":\"https:\\\/\\\/www.pause-au-naturelle.com\\\/#website\",\"url\":\"https:\\\/\\\/www.pause-au-naturelle.com\\\/\",\"name\":\"Pause au Naturelle\",\"description\":\"\",\"publisher\":{\"@id\":\"https:\\\/\\\/www.pause-au-naturelle.com\\\/#organization\"},\"potentialAction\":[{\"@type\":\"SearchAction\",\"target\":{\"@type\":\"EntryPoint\",\"urlTemplate\":\"https:\\\/\\\/www.pause-au-naturelle.com\\\/?s={search_term_string}\"},\"query-input\":{\"@type\":\"PropertyValueSpecification\",\"valueRequired\":true,\"valueName\":\"search_term_string\"}}],\"inLanguage\":\"nl-NL\"},{\"@type\":\"Organization\",\"@id\":\"https:\\\/\\\/www.pause-au-naturelle.com\\\/#organization\",\"name\":\"Pause au naturelle\",\"url\":\"https:\\\/\\\/www.pause-au-naturelle.com\\\/\",\"logo\":{\"@type\":\"ImageObject\",\"inLanguage\":\"nl-NL\",\"@id\":\"https:\\\/\\\/www.pause-au-naturelle.com\\\/#\\\/schema\\\/logo\\\/image\\\/\",\"url\":\"https:\\\/\\\/www.pause-au-naturelle.com\\\/wp-content\\\/uploads\\\/2020\\\/06\\\/logo.png\",\"contentUrl\":\"https:\\\/\\\/www.pause-au-naturelle.com\\\/wp-content\\\/uploads\\\/2020\\\/06\\\/logo.png\",\"width\":250,\"height\":250,\"caption\":\"Pause au naturelle\"},\"image\":{\"@id\":\"https:\\\/\\\/www.pause-au-naturelle.com\\\/#\\\/schema\\\/logo\\\/image\\\/\"}},{\"@type\":\"Person\",\"@id\":\"https:\\\/\\\/www.pause-au-naturelle.com\\\/#\\\/schema\\\/person\\\/8a6e5bbc38c727382c318184436321a0\",\"name\":\"Pause au naturelle\",\"image\":{\"@type\":\"ImageObject\",\"inLanguage\":\"nl-NL\",\"@id\":\"https:\\\/\\\/secure.gravatar.com\\\/avatar\\\/2de2f9db297549ce305c8b0151c859e714b1db3894e06c8fa49291b83a622fc4?s=96&d=mm&r=g\",\"url\":\"https:\\\/\\\/secure.gravatar.com\\\/avatar\\\/2de2f9db297549ce305c8b0151c859e714b1db3894e06c8fa49291b83a622fc4?s=96&d=mm&r=g\",\"contentUrl\":\"https:\\\/\\\/secure.gravatar.com\\\/avatar\\\/2de2f9db297549ce305c8b0151c859e714b1db3894e06c8fa49291b83a622fc4?s=96&d=mm&r=g\",\"caption\":\"Pause au naturelle\"},\"url\":\"https:\\\/\\\/www.pause-au-naturelle.com\\\/nl\\\/author\\\/najima\\\/\"}]}<\/script>\n<!-- \/ Yoast SEO plugin. -->","yoast_head_json":{"title":"Ingekroesde haren bestrijden | Pause-au-naturelle.com","description":"Als je wilt weten hoe je ingegroeide haren kunt bestrijden, zijn de volgende regels voor jou bedoeld","robots":{"index":"index","follow":"follow","max-snippet":"max-snippet:-1","max-image-preview":"max-image-preview:large","max-video-preview":"max-video-preview:-1"},"canonical":"https:\/\/www.pause-au-naturelle.com\/nl\/2021\/06\/07\/hoe-ingegroeide-haren-bestrijden\/","og_locale":"nl_NL","og_type":"article","og_title":"Lutter contre les poils incarn\u00e9s | Pause-au-naturelle.com","og_description":"Vous souhaitez savoir comment lutter contre les poils incarn\u00e9s, laissez-vous guider par les lignes qui suivent \u00e0 titre informatif","og_url":"https:\/\/www.pause-au-naturelle.com\/nl\/2021\/06\/07\/hoe-ingegroeide-haren-bestrijden\/","og_site_name":"Pause au Naturelle","article_published_time":"2021-06-07T19:17:23+00:00","article_modified_time":"2023-02-26T21:35:48+00:00","og_image":[{"width":1078,"height":795,"url":"https:\/\/www.pause-au-naturelle.com\/wp-content\/uploads\/2021\/06\/comment-lutter-contre-les-poils-incarnes.jpg","type":"image\/jpeg"}],"author":"Pause au naturelle","twitter_card":"summary_large_image","twitter_misc":{"Geschreven door":"Pause au naturelle","Geschatte leestijd":"5 minuten"},"schema":{"@context":"https:\/\/schema.org","@graph":[{"@type":"Article","@id":"https:\/\/www.pause-au-naturelle.com\/2021\/06\/07\/comment-lutter-contre-les-poils-incarnes\/#article","isPartOf":{"@id":"https:\/\/www.pause-au-naturelle.com\/2021\/06\/07\/comment-lutter-contre-les-poils-incarnes\/"},"author":{"name":"Pause au naturelle","@id":"https:\/\/www.pause-au-naturelle.com\/#\/schema\/person\/8a6e5bbc38c727382c318184436321a0"},"headline":"Comment lutter contre les poils incarn\u00e9s ?","datePublished":"2021-06-07T19:17:23+00:00","dateModified":"2023-02-26T21:35:48+00:00","mainEntityOfPage":{"@id":"https:\/\/www.pause-au-naturelle.com\/2021\/06\/07\/comment-lutter-contre-les-poils-incarnes\/"},"wordCount":1278,"publisher":{"@id":"https:\/\/www.pause-au-naturelle.com\/#organization"},"image":{"@id":"https:\/\/www.pause-au-naturelle.com\/2021\/06\/07\/comment-lutter-contre-les-poils-incarnes\/#primaryimage"},"thumbnailUrl":"https:\/\/www.pause-au-naturelle.com\/wp-content\/uploads\/2021\/06\/comment-lutter-contre-les-poils-incarnes.jpg","articleSection":["Cosm\u00e9tiques"],"inLanguage":"nl-NL"},{"@type":"WebPage","@id":"https:\/\/www.pause-au-naturelle.com\/2021\/06\/07\/comment-lutter-contre-les-poils-incarnes\/","url":"https:\/\/www.pause-au-naturelle.com\/2021\/06\/07\/comment-lutter-contre-les-poils-incarnes\/","name":"Ingekroesde haren bestrijden | Pause-au-naturelle.com","isPartOf":{"@id":"https:\/\/www.pause-au-naturelle.com\/#website"},"primaryImageOfPage":{"@id":"https:\/\/www.pause-au-naturelle.com\/2021\/06\/07\/comment-lutter-contre-les-poils-incarnes\/#primaryimage"},"image":{"@id":"https:\/\/www.pause-au-naturelle.com\/2021\/06\/07\/comment-lutter-contre-les-poils-incarnes\/#primaryimage"},"thumbnailUrl":"https:\/\/www.pause-au-naturelle.com\/wp-content\/uploads\/2021\/06\/comment-lutter-contre-les-poils-incarnes.jpg","datePublished":"2021-06-07T19:17:23+00:00","dateModified":"2023-02-26T21:35:48+00:00","description":"Als je wilt weten hoe je ingegroeide haren kunt bestrijden, zijn de volgende regels voor jou bedoeld","inLanguage":"nl-NL","potentialAction":[{"@type":"ReadAction","target":["https:\/\/www.pause-au-naturelle.com\/2021\/06\/07\/comment-lutter-contre-les-poils-incarnes\/"]}]},{"@type":"ImageObject","inLanguage":"nl-NL","@id":"https:\/\/www.pause-au-naturelle.com\/2021\/06\/07\/comment-lutter-contre-les-poils-incarnes\/#primaryimage","url":"https:\/\/www.pause-au-naturelle.com\/wp-content\/uploads\/2021\/06\/comment-lutter-contre-les-poils-incarnes.jpg","contentUrl":"https:\/\/www.pause-au-naturelle.com\/wp-content\/uploads\/2021\/06\/comment-lutter-contre-les-poils-incarnes.jpg","width":1078,"height":795},{"@type":"WebSite","@id":"https:\/\/www.pause-au-naturelle.com\/#website","url":"https:\/\/www.pause-au-naturelle.com\/","name":"Pauze in de natuur","description":"","publisher":{"@id":"https:\/\/www.pause-au-naturelle.com\/#organization"},"potentialAction":[{"@type":"SearchAction","target":{"@type":"EntryPoint","urlTemplate":"https:\/\/www.pause-au-naturelle.com\/?s={search_term_string}"},"query-input":{"@type":"PropertyValueSpecification","valueRequired":true,"valueName":"search_term_string"}}],"inLanguage":"nl-NL"},{"@type":"Organization","@id":"https:\/\/www.pause-au-naturelle.com\/#organization","name":"Een natuurlijke onderbreking","url":"https:\/\/www.pause-au-naturelle.com\/","logo":{"@type":"ImageObject","inLanguage":"nl-NL","@id":"https:\/\/www.pause-au-naturelle.com\/#\/schema\/logo\/image\/","url":"https:\/\/www.pause-au-naturelle.com\/wp-content\/uploads\/2020\/06\/logo.png","contentUrl":"https:\/\/www.pause-au-naturelle.com\/wp-content\/uploads\/2020\/06\/logo.png","width":250,"height":250,"caption":"Pause au naturelle"},"image":{"@id":"https:\/\/www.pause-au-naturelle.com\/#\/schema\/logo\/image\/"}},{"@type":"Person","@id":"https:\/\/www.pause-au-naturelle.com\/#\/schema\/person\/8a6e5bbc38c727382c318184436321a0","name":"Een natuurlijke onderbreking","image":{"@type":"ImageObject","inLanguage":"nl-NL","@id":"https:\/\/secure.gravatar.com\/avatar\/2de2f9db297549ce305c8b0151c859e714b1db3894e06c8fa49291b83a622fc4?s=96&d=mm&r=g","url":"https:\/\/secure.gravatar.com\/avatar\/2de2f9db297549ce305c8b0151c859e714b1db3894e06c8fa49291b83a622fc4?s=96&d=mm&r=g","contentUrl":"https:\/\/secure.gravatar.com\/avatar\/2de2f9db297549ce305c8b0151c859e714b1db3894e06c8fa49291b83a622fc4?s=96&d=mm&r=g","caption":"Pause au naturelle"},"url":"https:\/\/www.pause-au-naturelle.com\/nl\/author\/najima\/"}]}},"_links":{"self":[{"href":"https:\/\/www.pause-au-naturelle.com\/nl\/wp-json\/wp\/v2\/posts\/8119","targetHints":{"allow":["GET"]}}],"collection":[{"href":"https:\/\/www.pause-au-naturelle.com\/nl\/wp-json\/wp\/v2\/posts"}],"about":[{"href":"https:\/\/www.pause-au-naturelle.com\/nl\/wp-json\/wp\/v2\/types\/post"}],"author":[{"embeddable":true,"href":"https:\/\/www.pause-au-naturelle.com\/nl\/wp-json\/wp\/v2\/users\/1"}],"replies":[{"embeddable":true,"href":"https:\/\/www.pause-au-naturelle.com\/nl\/wp-json\/wp\/v2\/comments?post=8119"}],"version-history":[{"count":2,"href":"https:\/\/www.pause-au-naturelle.com\/nl\/wp-json\/wp\/v2\/posts\/8119\/revisions"}],"predecessor-version":[{"id":8966,"href":"https:\/\/www.pause-au-naturelle.com\/nl\/wp-json\/wp\/v2\/posts\/8119\/revisions\/8966"}],"wp:featuredmedia":[{"embeddable":true,"href":"https:\/\/www.pause-au-naturelle.com\/nl\/wp-json\/wp\/v2\/media\/8992"}],"wp:attachment":[{"href":"https:\/\/www.pause-au-naturelle.com\/nl\/wp-json\/wp\/v2\/media?parent=8119"}],"wp:term":[{"taxonomy":"category","embeddable":true,"href":"https:\/\/www.pause-au-naturelle.com\/nl\/wp-json\/wp\/v2\/categories?post=8119"},{"taxonomy":"post_tag","embeddable":true,"href":"https:\/\/www.pause-au-naturelle.com\/nl\/wp-json\/wp\/v2\/tags?post=8119"}],"curies":[{"name":"wp","href":"https:\/\/api.w.org\/{rel}","templated":true}]}}