{"id":8334,"date":"2021-11-27T11:08:22","date_gmt":"2021-11-27T11:08:22","guid":{"rendered":"https:\/\/www.pause-au-naturelle.com\/?p=8334"},"modified":"2023-02-26T21:29:12","modified_gmt":"2023-02-26T21:29:12","slug":"marokkaans-gedoe-advocaat","status":"publish","type":"post","link":"https:\/\/www.pause-au-naturelle.com\/nl\/2021\/11\/27\/avocat-hass-marocain\/","title":{"rendered":"L\u2019avocat Hass marocain : une valeur montante pour les exportations europ\u00e9ennes"},"content":{"rendered":"<p>V\u00e9ritable or vert dans le pays, l\u2019avocat Hass marocain se distingue par sa valeur gustative et sa chaire fondante. Vendu localement aux alentours de 15 dirhams le kilo, cette vari\u00e9t\u00e9 d\u2019avocat est de plus en plus pr\u00e9sente en France. Son rapport qualit\u00e9 prix \u00e9tant exceptionnel, le march\u00e9 europ\u00e9en a tout int\u00e9r\u00eat \u00e0 exploiter cette opportunit\u00e9.<\/p>\n<p>&nbsp;<\/p>\n<h2>L\u2019avocat Hass marocain : une vari\u00e9t\u00e9 hautement concurrentielle en Europe<\/h2>\n<p>&nbsp;<\/p>\n<p>Les \u00c9tats-Unis, le Japon et l\u2019Europe sont les march\u00e9s les plus demandeurs en ce qui concerne la consommation d\u2019avocat. Le pays de l\u2019Oncle Sam a pris l\u2019habitude d\u2019accaparer une tr\u00e8s bonne partie de la production mexicaine et sud-am\u00e9ricaine. Quant au Japon o\u00f9 pr\u00e9vaut la culture du sushi, la vari\u00e9t\u00e9 Hass jouit aussi d\u2019une tr\u00e8s forte demande. Ce constat met en lumi\u00e8re au c\u0153ur des supermarch\u00e9s le prix exorbitant de l\u2019avocat outre atlantique qui co\u00fbte facilement plus de deux euros pi\u00e8ce. Cela d\u00e9montre depuis quelques ann\u00e9es que l\u2019avocat tend peu \u00e0 peu \u00e0 devenir un produit de luxe.<\/p>\n<p>Le march\u00e9 fran\u00e7ais propose donc en second choix l\u2019avocat d\u2019origine espagnol. Celui- ci est en revanche beaucoup moins go\u00fbteux et souvent dure comme de la pierre. L\u2019avocat Hass marocain qui est d\u2019ailleurs tr\u00e8s mal vu par le voisin ib\u00e9rique part donc \u00e0 la conqu\u00eate du march\u00e9 fran\u00e7ais comme son confr\u00e8re kenyan. Cette nouvelle vari\u00e9t\u00e9 venue d\u2019Afrique du Nord se distingue par une qualit\u00e9 proche du fruit mexicain.<\/p>\n<h3>&nbsp;<\/h3>\n<h3>Une texture et qualit\u00e9 proche de l\u2019avocat br\u00e9silien<\/h3>\n<p>&nbsp;<\/p>\n<p>L\u2019avocat Hass marocain offre une peau bien verte et une forme assez charnue. Sa couleur, sa pulpe \u00e9paisse et bien fournie est comparable \u00e0 l\u2019avocat br\u00e9silien sous forme beaucoup plus r\u00e9duite. Les Marocains qui appr\u00e9cient ce fruit le consomme surtout au c\u0153ur de salades ou <a href=\"https:\/\/www.pause-au-naturelle.com\/nl\/2021\/04\/23\/avocado-amandel-dadel-sukkari-smoothie\/\">des panachis marocain \u00e0 l\u2019avocat<\/a>. Ces c\u00e9l\u00e8bres jus de fruits locaux savoureux servis sous forme de milkshake dans les Mahlabas (laiterie locale).<\/p>\n<p>Riche en vitamine B, E, prot\u00e9ines et acides gras, l\u2019avocat Hass Marocain est tr\u00e8s sollicit\u00e9e lorsque les march\u00e9s europ\u00e9ens ne peuvent \u00eatre fournis par les march\u00e9s latino-am\u00e9ricains. Cette nouvelle opportunit\u00e9 est donc pour le Maroc une nouvelle occasion de d\u00e9montrer les atouts de son agriculture de qualit\u00e9 sur les march\u00e9s ext\u00e9rieurs. Car avec le temps, le Maroc devient de plus en plus un grenier \u00e0 nourriture pour beaucoup de pays europ\u00e9ens. Ses prix comp\u00e9titifs et la qualit\u00e9 de ses fruits et l\u00e9gumes en font un partenaire id\u00e9al au d\u00e9triment de l\u2019Espagne.<\/p>\n<p>&nbsp;<\/p>\n<h3>O\u00f9 s\u2019\u00e9panouit la culture de l\u2019avocatier marocain ?<\/h3>\n<p>&nbsp;<\/p>\n<p>La culture de l\u2019avocat Hass marocain se concentre exclusivement sur une bande de terre de 7 kilom\u00e8tres de large entre les villes de Larache et Kenitra. C\u2019est au c\u0153ur de cette zone de 130 kilom\u00e8tres de long que pousse la quasi-exclusivit\u00e9 de la production. N\u00e9anmoins, la culture commence \u00e0 s\u2019\u00e9panouir sur les zones littorales atlantiques du Souss Massa Draa <a href=\"https:\/\/www.pause-au-naturelle.com\/nl\/2021\/11\/11\/marokkaanse-bananen-aourir\/\">net als de Cavendish banaan<\/a>. L\u2019int\u00e9r\u00eat de cette vari\u00e9t\u00e9 d\u2019avocat s\u2019explique par sa grande disponibilit\u00e9 au cours de l\u2019ann\u00e9e. Il est donc possible d\u2019avoir du fruit vert en abondance de septembre \u00e0 mai. Et les \u00e9tals et charrettes des vendeurs ambulants dans les villes et douars du Royaume ne font que mettre en \u00e9vidence la vitalit\u00e9 de cette production.<\/p>\n<p>&nbsp;<\/p>\n<h2>Quel avenir pour l\u2019or vert en terre ch\u00e9rifienne ?<\/h2>\n<p>&nbsp;<\/p>\n<p>Il faut savoir qu\u2019un avocatier met en g\u00e9n\u00e9ral quatre ans pour produire ses premiers fruits. Tout comme le pommier, l\u2019arbre produit en abondance. Cependant, les besoins en eau sont \u00e9normes. A l\u2019heure actuelle, le pays se classent sur les 30 premi\u00e8res nations souffrant d\u2019un stress hydrique extr\u00eame. Bien que les nouvelles techniques d\u2019agronomie s\u2019emparent du probl\u00e8me, les principales r\u00e9gions de production ne sont pour l\u2019heure pas tellement touch\u00e9s par la s\u00e8cheresse. Pourtant, la culture de l\u2019avocat Hass marocain risque de faire fondre \u00e0 terme les r\u00e9serves des nappes phr\u00e9atiques si elle s\u2019intensifie sur la dur\u00e9e.<\/p>\n<p>Le pays se retrouve donc confronter \u00e0 deux d\u00e9fis :<\/p>\n<ul>\n<li>&nbsp;Celui d\u2019exceller dans la qualit\u00e9 de ce produit agricole pour d\u00e9velopper les relations commerciales ext\u00e9rieures<\/li>\n<li>Assurer ses besoins en eau sur la dur\u00e9e.<\/li>\n<\/ul>\n<p>Dans un monde o\u00f9 la logique capitaliste domine, la premi\u00e8re solution risque de retenir l\u2019attention. L\u2019avocat Hass marocain risque donc de se retrouver devant des situations contradictoires. En premier lieu, ce fruit rapportant des devises risque d\u2019\u00eatre surexploit\u00e9es par d\u2019autres agriculteurs. La cons\u00e9quence directe se traduirait par la chute des cours et le fruit deviendrait moins r\u00e9mun\u00e9rateur \u00e0 l\u2019export.<\/p>\n<p>Enfin, si la question environnementale devient comparable au Mexique au c\u0153ur des zones avocati\u00e8res, la temp\u00e9rature \u00e0 terme pourrait augmenter de deux degr\u00e9s due au manque d\u2019eau. C\u2019est en tout cas ce qui se produit actuellement dans la r\u00e9gion du Michoacan (premi\u00e8re zone de production mondiale) o\u00f9 l\u2019avocat a remplac\u00e9 avec le temps les pin\u00e8des naturelles.<\/p>","protected":false},"excerpt":{"rendered":"<p>V\u00e9ritable or vert dans le pays, l\u2019avocat Hass marocain se distingue par sa valeur gustative et sa chaire fondante [&#8230;]\n","protected":false},"author":1,"featured_media":8988,"comment_status":"closed","ping_status":"closed","sticky":false,"template":"","format":"standard","meta":{"footnotes":""},"categories":[1],"tags":[],"class_list":["post-8334","post","type-post","status-publish","format-standard","has-post-thumbnail","hentry","category-aliments-naturels"],"yoast_head":"<!-- This site is optimized with the Yoast SEO plugin v27.3 - https:\/\/yoast.com\/product\/yoast-seo-wordpress\/ -->\n<title>Avocat Hass marocain : l&#039;Eldorado vert au coeur des terres agricoles<\/title>\n<meta name=\"description\" content=\"L&#039;avocat Hass Marocain, voici une vari\u00e9t\u00e9 d&#039;avocat tr\u00e8s sollicit\u00e9e pour la consommation locale et sur le march\u00e9 ext\u00e9rieur.\" \/>\n<meta name=\"robots\" content=\"index, follow, max-snippet:-1, max-image-preview:large, max-video-preview:-1\" \/>\n<link rel=\"canonical\" href=\"https:\/\/www.pause-au-naturelle.com\/nl\/2021\/11\/27\/marokkaans-gedoe-advocaat\/\" \/>\n<meta property=\"og:locale\" content=\"nl_NL\" \/>\n<meta property=\"og:type\" content=\"article\" \/>\n<meta property=\"og:title\" content=\"Avocat Hass marocain : l&#039;Eldorado vert au coeur des terres agricoles\" \/>\n<meta property=\"og:description\" content=\"L&#039;avocat Hass Marocain, voici une vari\u00e9t\u00e9 d&#039;avocat tr\u00e8s sollicit\u00e9e pour la consommation locale et sur le march\u00e9 ext\u00e9rieur.\" \/>\n<meta property=\"og:url\" content=\"https:\/\/www.pause-au-naturelle.com\/nl\/2021\/11\/27\/marokkaans-gedoe-advocaat\/\" \/>\n<meta property=\"og:site_name\" content=\"Pause au Naturelle\" \/>\n<meta property=\"article:published_time\" content=\"2021-11-27T11:08:22+00:00\" \/>\n<meta property=\"article:modified_time\" content=\"2023-02-26T21:29:12+00:00\" \/>\n<meta property=\"og:image\" content=\"https:\/\/www.pause-au-naturelle.com\/wp-content\/uploads\/2021\/11\/l-avocat-hass-marocain.jpg\" \/>\n\t<meta property=\"og:image:width\" content=\"1078\" \/>\n\t<meta property=\"og:image:height\" content=\"795\" \/>\n\t<meta property=\"og:image:type\" content=\"image\/jpeg\" \/>\n<meta name=\"author\" content=\"Pause au naturelle\" \/>\n<meta name=\"twitter:card\" content=\"summary_large_image\" \/>\n<meta name=\"twitter:label1\" content=\"Geschreven door\" \/>\n\t<meta name=\"twitter:data1\" content=\"Pause au naturelle\" \/>\n\t<meta name=\"twitter:label2\" content=\"Geschatte leestijd\" \/>\n\t<meta name=\"twitter:data2\" content=\"4 minuten\" \/>\n<script type=\"application\/ld+json\" class=\"yoast-schema-graph\">{\"@context\":\"https:\\\/\\\/schema.org\",\"@graph\":[{\"@type\":\"Article\",\"@id\":\"https:\\\/\\\/www.pause-au-naturelle.com\\\/2021\\\/11\\\/27\\\/avocat-hass-marocain\\\/#article\",\"isPartOf\":{\"@id\":\"https:\\\/\\\/www.pause-au-naturelle.com\\\/2021\\\/11\\\/27\\\/avocat-hass-marocain\\\/\"},\"author\":{\"name\":\"Pause au naturelle\",\"@id\":\"https:\\\/\\\/www.pause-au-naturelle.com\\\/#\\\/schema\\\/person\\\/8a6e5bbc38c727382c318184436321a0\"},\"headline\":\"L\u2019avocat Hass marocain : une valeur montante pour les exportations europ\u00e9ennes\",\"datePublished\":\"2021-11-27T11:08:22+00:00\",\"dateModified\":\"2023-02-26T21:29:12+00:00\",\"mainEntityOfPage\":{\"@id\":\"https:\\\/\\\/www.pause-au-naturelle.com\\\/2021\\\/11\\\/27\\\/avocat-hass-marocain\\\/\"},\"wordCount\":912,\"publisher\":{\"@id\":\"https:\\\/\\\/www.pause-au-naturelle.com\\\/#organization\"},\"image\":{\"@id\":\"https:\\\/\\\/www.pause-au-naturelle.com\\\/2021\\\/11\\\/27\\\/avocat-hass-marocain\\\/#primaryimage\"},\"thumbnailUrl\":\"https:\\\/\\\/www.pause-au-naturelle.com\\\/wp-content\\\/uploads\\\/2021\\\/11\\\/l-avocat-hass-marocain.jpg\",\"articleSection\":[\"Aliments naturels\"],\"inLanguage\":\"nl-NL\"},{\"@type\":\"WebPage\",\"@id\":\"https:\\\/\\\/www.pause-au-naturelle.com\\\/2021\\\/11\\\/27\\\/avocat-hass-marocain\\\/\",\"url\":\"https:\\\/\\\/www.pause-au-naturelle.com\\\/2021\\\/11\\\/27\\\/avocat-hass-marocain\\\/\",\"name\":\"Avocat Hass marocain : l'Eldorado vert au coeur des terres agricoles\",\"isPartOf\":{\"@id\":\"https:\\\/\\\/www.pause-au-naturelle.com\\\/#website\"},\"primaryImageOfPage\":{\"@id\":\"https:\\\/\\\/www.pause-au-naturelle.com\\\/2021\\\/11\\\/27\\\/avocat-hass-marocain\\\/#primaryimage\"},\"image\":{\"@id\":\"https:\\\/\\\/www.pause-au-naturelle.com\\\/2021\\\/11\\\/27\\\/avocat-hass-marocain\\\/#primaryimage\"},\"thumbnailUrl\":\"https:\\\/\\\/www.pause-au-naturelle.com\\\/wp-content\\\/uploads\\\/2021\\\/11\\\/l-avocat-hass-marocain.jpg\",\"datePublished\":\"2021-11-27T11:08:22+00:00\",\"dateModified\":\"2023-02-26T21:29:12+00:00\",\"description\":\"L'avocat Hass Marocain, voici une vari\u00e9t\u00e9 d'avocat tr\u00e8s sollicit\u00e9e pour la consommation locale et sur le march\u00e9 ext\u00e9rieur.\",\"inLanguage\":\"nl-NL\",\"potentialAction\":[{\"@type\":\"ReadAction\",\"target\":[\"https:\\\/\\\/www.pause-au-naturelle.com\\\/2021\\\/11\\\/27\\\/avocat-hass-marocain\\\/\"]}]},{\"@type\":\"ImageObject\",\"inLanguage\":\"nl-NL\",\"@id\":\"https:\\\/\\\/www.pause-au-naturelle.com\\\/2021\\\/11\\\/27\\\/avocat-hass-marocain\\\/#primaryimage\",\"url\":\"https:\\\/\\\/www.pause-au-naturelle.com\\\/wp-content\\\/uploads\\\/2021\\\/11\\\/l-avocat-hass-marocain.jpg\",\"contentUrl\":\"https:\\\/\\\/www.pause-au-naturelle.com\\\/wp-content\\\/uploads\\\/2021\\\/11\\\/l-avocat-hass-marocain.jpg\",\"width\":1078,\"height\":795},{\"@type\":\"WebSite\",\"@id\":\"https:\\\/\\\/www.pause-au-naturelle.com\\\/#website\",\"url\":\"https:\\\/\\\/www.pause-au-naturelle.com\\\/\",\"name\":\"Pause au Naturelle\",\"description\":\"\",\"publisher\":{\"@id\":\"https:\\\/\\\/www.pause-au-naturelle.com\\\/#organization\"},\"potentialAction\":[{\"@type\":\"SearchAction\",\"target\":{\"@type\":\"EntryPoint\",\"urlTemplate\":\"https:\\\/\\\/www.pause-au-naturelle.com\\\/?s={search_term_string}\"},\"query-input\":{\"@type\":\"PropertyValueSpecification\",\"valueRequired\":true,\"valueName\":\"search_term_string\"}}],\"inLanguage\":\"nl-NL\"},{\"@type\":\"Organization\",\"@id\":\"https:\\\/\\\/www.pause-au-naturelle.com\\\/#organization\",\"name\":\"Pause au naturelle\",\"url\":\"https:\\\/\\\/www.pause-au-naturelle.com\\\/\",\"logo\":{\"@type\":\"ImageObject\",\"inLanguage\":\"nl-NL\",\"@id\":\"https:\\\/\\\/www.pause-au-naturelle.com\\\/#\\\/schema\\\/logo\\\/image\\\/\",\"url\":\"https:\\\/\\\/www.pause-au-naturelle.com\\\/wp-content\\\/uploads\\\/2020\\\/06\\\/logo.png\",\"contentUrl\":\"https:\\\/\\\/www.pause-au-naturelle.com\\\/wp-content\\\/uploads\\\/2020\\\/06\\\/logo.png\",\"width\":250,\"height\":250,\"caption\":\"Pause au naturelle\"},\"image\":{\"@id\":\"https:\\\/\\\/www.pause-au-naturelle.com\\\/#\\\/schema\\\/logo\\\/image\\\/\"}},{\"@type\":\"Person\",\"@id\":\"https:\\\/\\\/www.pause-au-naturelle.com\\\/#\\\/schema\\\/person\\\/8a6e5bbc38c727382c318184436321a0\",\"name\":\"Pause au naturelle\",\"image\":{\"@type\":\"ImageObject\",\"inLanguage\":\"nl-NL\",\"@id\":\"https:\\\/\\\/secure.gravatar.com\\\/avatar\\\/2de2f9db297549ce305c8b0151c859e714b1db3894e06c8fa49291b83a622fc4?s=96&d=mm&r=g\",\"url\":\"https:\\\/\\\/secure.gravatar.com\\\/avatar\\\/2de2f9db297549ce305c8b0151c859e714b1db3894e06c8fa49291b83a622fc4?s=96&d=mm&r=g\",\"contentUrl\":\"https:\\\/\\\/secure.gravatar.com\\\/avatar\\\/2de2f9db297549ce305c8b0151c859e714b1db3894e06c8fa49291b83a622fc4?s=96&d=mm&r=g\",\"caption\":\"Pause au naturelle\"},\"url\":\"https:\\\/\\\/www.pause-au-naturelle.com\\\/nl\\\/author\\\/najima\\\/\"}]}<\/script>\n<!-- \/ Yoast SEO plugin. -->","yoast_head_json":{"title":"Marokkaanse Hass avocado: het groene eldorado in het hart van het boerenland","description":"De Marokkaanse Hass avocado is een avocadovari\u00ebteit waar veel vraag naar is voor lokale consumptie en op de buitenlandse markt.","robots":{"index":"index","follow":"follow","max-snippet":"max-snippet:-1","max-image-preview":"max-image-preview:large","max-video-preview":"max-video-preview:-1"},"canonical":"https:\/\/www.pause-au-naturelle.com\/nl\/2021\/11\/27\/marokkaans-gedoe-advocaat\/","og_locale":"nl_NL","og_type":"article","og_title":"Avocat Hass marocain : l'Eldorado vert au coeur des terres agricoles","og_description":"L'avocat Hass Marocain, voici une vari\u00e9t\u00e9 d'avocat tr\u00e8s sollicit\u00e9e pour la consommation locale et sur le march\u00e9 ext\u00e9rieur.","og_url":"https:\/\/www.pause-au-naturelle.com\/nl\/2021\/11\/27\/marokkaans-gedoe-advocaat\/","og_site_name":"Pause au Naturelle","article_published_time":"2021-11-27T11:08:22+00:00","article_modified_time":"2023-02-26T21:29:12+00:00","og_image":[{"width":1078,"height":795,"url":"https:\/\/www.pause-au-naturelle.com\/wp-content\/uploads\/2021\/11\/l-avocat-hass-marocain.jpg","type":"image\/jpeg"}],"author":"Pause au naturelle","twitter_card":"summary_large_image","twitter_misc":{"Geschreven door":"Pause au naturelle","Geschatte leestijd":"4 minuten"},"schema":{"@context":"https:\/\/schema.org","@graph":[{"@type":"Article","@id":"https:\/\/www.pause-au-naturelle.com\/2021\/11\/27\/avocat-hass-marocain\/#article","isPartOf":{"@id":"https:\/\/www.pause-au-naturelle.com\/2021\/11\/27\/avocat-hass-marocain\/"},"author":{"name":"Pause au naturelle","@id":"https:\/\/www.pause-au-naturelle.com\/#\/schema\/person\/8a6e5bbc38c727382c318184436321a0"},"headline":"L\u2019avocat Hass marocain : une valeur montante pour les exportations europ\u00e9ennes","datePublished":"2021-11-27T11:08:22+00:00","dateModified":"2023-02-26T21:29:12+00:00","mainEntityOfPage":{"@id":"https:\/\/www.pause-au-naturelle.com\/2021\/11\/27\/avocat-hass-marocain\/"},"wordCount":912,"publisher":{"@id":"https:\/\/www.pause-au-naturelle.com\/#organization"},"image":{"@id":"https:\/\/www.pause-au-naturelle.com\/2021\/11\/27\/avocat-hass-marocain\/#primaryimage"},"thumbnailUrl":"https:\/\/www.pause-au-naturelle.com\/wp-content\/uploads\/2021\/11\/l-avocat-hass-marocain.jpg","articleSection":["Aliments naturels"],"inLanguage":"nl-NL"},{"@type":"WebPage","@id":"https:\/\/www.pause-au-naturelle.com\/2021\/11\/27\/avocat-hass-marocain\/","url":"https:\/\/www.pause-au-naturelle.com\/2021\/11\/27\/avocat-hass-marocain\/","name":"Marokkaanse Hass avocado: het groene eldorado in het hart van het boerenland","isPartOf":{"@id":"https:\/\/www.pause-au-naturelle.com\/#website"},"primaryImageOfPage":{"@id":"https:\/\/www.pause-au-naturelle.com\/2021\/11\/27\/avocat-hass-marocain\/#primaryimage"},"image":{"@id":"https:\/\/www.pause-au-naturelle.com\/2021\/11\/27\/avocat-hass-marocain\/#primaryimage"},"thumbnailUrl":"https:\/\/www.pause-au-naturelle.com\/wp-content\/uploads\/2021\/11\/l-avocat-hass-marocain.jpg","datePublished":"2021-11-27T11:08:22+00:00","dateModified":"2023-02-26T21:29:12+00:00","description":"De Marokkaanse Hass avocado is een avocadovari\u00ebteit waar veel vraag naar is voor lokale consumptie en op de buitenlandse markt.","inLanguage":"nl-NL","potentialAction":[{"@type":"ReadAction","target":["https:\/\/www.pause-au-naturelle.com\/2021\/11\/27\/avocat-hass-marocain\/"]}]},{"@type":"ImageObject","inLanguage":"nl-NL","@id":"https:\/\/www.pause-au-naturelle.com\/2021\/11\/27\/avocat-hass-marocain\/#primaryimage","url":"https:\/\/www.pause-au-naturelle.com\/wp-content\/uploads\/2021\/11\/l-avocat-hass-marocain.jpg","contentUrl":"https:\/\/www.pause-au-naturelle.com\/wp-content\/uploads\/2021\/11\/l-avocat-hass-marocain.jpg","width":1078,"height":795},{"@type":"WebSite","@id":"https:\/\/www.pause-au-naturelle.com\/#website","url":"https:\/\/www.pause-au-naturelle.com\/","name":"Pauze in de natuur","description":"","publisher":{"@id":"https:\/\/www.pause-au-naturelle.com\/#organization"},"potentialAction":[{"@type":"SearchAction","target":{"@type":"EntryPoint","urlTemplate":"https:\/\/www.pause-au-naturelle.com\/?s={search_term_string}"},"query-input":{"@type":"PropertyValueSpecification","valueRequired":true,"valueName":"search_term_string"}}],"inLanguage":"nl-NL"},{"@type":"Organization","@id":"https:\/\/www.pause-au-naturelle.com\/#organization","name":"Een natuurlijke onderbreking","url":"https:\/\/www.pause-au-naturelle.com\/","logo":{"@type":"ImageObject","inLanguage":"nl-NL","@id":"https:\/\/www.pause-au-naturelle.com\/#\/schema\/logo\/image\/","url":"https:\/\/www.pause-au-naturelle.com\/wp-content\/uploads\/2020\/06\/logo.png","contentUrl":"https:\/\/www.pause-au-naturelle.com\/wp-content\/uploads\/2020\/06\/logo.png","width":250,"height":250,"caption":"Pause au naturelle"},"image":{"@id":"https:\/\/www.pause-au-naturelle.com\/#\/schema\/logo\/image\/"}},{"@type":"Person","@id":"https:\/\/www.pause-au-naturelle.com\/#\/schema\/person\/8a6e5bbc38c727382c318184436321a0","name":"Een natuurlijke onderbreking","image":{"@type":"ImageObject","inLanguage":"nl-NL","@id":"https:\/\/secure.gravatar.com\/avatar\/2de2f9db297549ce305c8b0151c859e714b1db3894e06c8fa49291b83a622fc4?s=96&d=mm&r=g","url":"https:\/\/secure.gravatar.com\/avatar\/2de2f9db297549ce305c8b0151c859e714b1db3894e06c8fa49291b83a622fc4?s=96&d=mm&r=g","contentUrl":"https:\/\/secure.gravatar.com\/avatar\/2de2f9db297549ce305c8b0151c859e714b1db3894e06c8fa49291b83a622fc4?s=96&d=mm&r=g","caption":"Pause au naturelle"},"url":"https:\/\/www.pause-au-naturelle.com\/nl\/author\/najima\/"}]}},"_links":{"self":[{"href":"https:\/\/www.pause-au-naturelle.com\/nl\/wp-json\/wp\/v2\/posts\/8334","targetHints":{"allow":["GET"]}}],"collection":[{"href":"https:\/\/www.pause-au-naturelle.com\/nl\/wp-json\/wp\/v2\/posts"}],"about":[{"href":"https:\/\/www.pause-au-naturelle.com\/nl\/wp-json\/wp\/v2\/types\/post"}],"author":[{"embeddable":true,"href":"https:\/\/www.pause-au-naturelle.com\/nl\/wp-json\/wp\/v2\/users\/1"}],"replies":[{"embeddable":true,"href":"https:\/\/www.pause-au-naturelle.com\/nl\/wp-json\/wp\/v2\/comments?post=8334"}],"version-history":[{"count":3,"href":"https:\/\/www.pause-au-naturelle.com\/nl\/wp-json\/wp\/v2\/posts\/8334\/revisions"}],"predecessor-version":[{"id":8961,"href":"https:\/\/www.pause-au-naturelle.com\/nl\/wp-json\/wp\/v2\/posts\/8334\/revisions\/8961"}],"wp:featuredmedia":[{"embeddable":true,"href":"https:\/\/www.pause-au-naturelle.com\/nl\/wp-json\/wp\/v2\/media\/8988"}],"wp:attachment":[{"href":"https:\/\/www.pause-au-naturelle.com\/nl\/wp-json\/wp\/v2\/media?parent=8334"}],"wp:term":[{"taxonomy":"category","embeddable":true,"href":"https:\/\/www.pause-au-naturelle.com\/nl\/wp-json\/wp\/v2\/categories?post=8334"},{"taxonomy":"post_tag","embeddable":true,"href":"https:\/\/www.pause-au-naturelle.com\/nl\/wp-json\/wp\/v2\/tags?post=8334"}],"curies":[{"name":"wp","href":"https:\/\/api.w.org\/{rel}","templated":true}]}}